{"id":3954,"date":"2023-02-28T11:19:53","date_gmt":"2023-02-28T10:19:53","guid":{"rendered":"https:\/\/agora.xtec.cat\/iespauclaris\/?p=3954"},"modified":"2023-03-10T14:21:19","modified_gmt":"2023-03-10T13:21:19","slug":"obrim-les-portes-del-pau-claris","status":"publish","type":"post","link":"https:\/\/agora.xtec.cat\/iespauclaris\/general\/obrim-les-portes-del-pau-claris\/","title":{"rendered":"Obrim les portes!"},"content":{"rendered":"<p>El dijous passat vam celebrar la primera jornada de portes obertes a l&#8217;institut. Primer, l&#8217;equip directiu va rebre a les fam\u00edlies a la sala d&#8217;actes, on van explicar quins s\u00f3n els essencials que vertebren el projecte educatiu del centre, aix\u00ed com els projectes amb qu\u00e8 treballem. A continuaci\u00f3, l&#8217;alumnat es va organitzar per espais i van anar explicant a les fam\u00edlies en qu\u00e8 consisteix el Pau Claris i tot all\u00f2 que s&#8217;hi duu a terme: projectes (FUP), ERASMUS, STEAM (laboratori de mates, rob\u00f2tica) i batxillerat, entre altres. A continuaci\u00f3 us passem un seguit de fotografies que il\u00b7lustren el que va passar en els diferents moments i espais.<\/p>\n<p>Volem donar les gr\u00e0cies especialment a aquells alumnes que, amb la seva dedicaci\u00f3 i esfor\u00e7, van convertir-se en els protagonistes de la jornada. Si us heu quedat amb ganes de con\u00e8ixer l&#8217;institut dem\u00e0 dia 1 se celebra el segon dia de portes obertes a partir de les 16:45 h de la tarda.<\/p>\n<p><a href=\"https:\/\/agora.xtec.cat\/iespauclaris\/general\/obrim-les-portes-del-pau-claris\/attachment\/img_7877\/\" rel=\"attachment wp-att-3956\"><img loading=\"lazy\" decoding=\"async\" class=\"alignnone size-thumbnail wp-image-3956\" src=\"https:\/\/agora.xtec.cat\/iespauclaris\/wp-content\/uploads\/usu835\/2023\/02\/IMG_7877-150x150.jpg\" alt=\"\" width=\"150\" height=\"150\" \/><\/a> <a href=\"https:\/\/agora.xtec.cat\/iespauclaris\/general\/obrim-les-portes-del-pau-claris\/attachment\/img_7859\/\" rel=\"attachment wp-att-3958\"><img loading=\"lazy\" decoding=\"async\" class=\"alignnone size-thumbnail wp-image-3958\" src=\"https:\/\/agora.xtec.cat\/iespauclaris\/wp-content\/uploads\/usu835\/2023\/02\/IMG_7859-150x150.jpg\" alt=\"\" width=\"150\" height=\"150\" \/><\/a> <a href=\"https:\/\/agora.xtec.cat\/iespauclaris\/general\/obrim-les-portes-del-pau-claris\/attachment\/img_7830\/\" rel=\"attachment wp-att-3959\"><img loading=\"lazy\" decoding=\"async\" class=\"alignnone size-thumbnail wp-image-3959\" src=\"https:\/\/agora.xtec.cat\/iespauclaris\/wp-content\/uploads\/usu835\/2023\/02\/IMG_7830-150x150.jpg\" alt=\"\" width=\"150\" height=\"150\" \/><\/a> <a href=\"https:\/\/agora.xtec.cat\/iespauclaris\/general\/obrim-les-portes-del-pau-claris\/attachment\/img_7841\/\" rel=\"attachment wp-att-3960\"><img loading=\"lazy\" decoding=\"async\" class=\"alignnone size-thumbnail wp-image-3960\" src=\"https:\/\/agora.xtec.cat\/iespauclaris\/wp-content\/uploads\/usu835\/2023\/02\/IMG_7841-150x150.jpg\" alt=\"\" width=\"150\" height=\"150\" \/><\/a> <a href=\"https:\/\/agora.xtec.cat\/iespauclaris\/general\/obrim-les-portes-del-pau-claris\/attachment\/img_7810\/\" rel=\"attachment wp-att-3961\"><img loading=\"lazy\" decoding=\"async\" class=\"alignnone size-thumbnail wp-image-3961\" src=\"https:\/\/agora.xtec.cat\/iespauclaris\/wp-content\/uploads\/usu835\/2023\/02\/IMG_7810-150x150.jpg\" alt=\"\" width=\"150\" height=\"150\" \/><\/a><a href=\"https:\/\/agora.xtec.cat\/iespauclaris\/general\/obrim-les-portes-del-pau-claris\/attachment\/img_7866\/\" rel=\"attachment wp-att-3955\"><img loading=\"lazy\" decoding=\"async\" class=\"size-thumbnail wp-image-3955 alignnone\" src=\"https:\/\/agora.xtec.cat\/iespauclaris\/wp-content\/uploads\/usu835\/2023\/02\/IMG_7866-150x150.jpg\" alt=\"\" width=\"150\" height=\"150\" \/><\/a> <a href=\"https:\/\/agora.xtec.cat\/iespauclaris\/general\/obrim-les-portes-del-pau-claris\/attachment\/img_7817\/\" rel=\"attachment wp-att-3962\"><img loading=\"lazy\" decoding=\"async\" class=\"alignnone size-thumbnail wp-image-3962\" src=\"https:\/\/agora.xtec.cat\/iespauclaris\/wp-content\/uploads\/usu835\/2023\/02\/IMG_7817-150x150.jpg\" alt=\"\" width=\"150\" height=\"150\" \/><\/a> <a href=\"https:\/\/agora.xtec.cat\/iespauclaris\/general\/obrim-les-portes-del-pau-claris\/attachment\/img_7822\/\" rel=\"attachment wp-att-3963\"><img loading=\"lazy\" decoding=\"async\" class=\"alignnone size-thumbnail wp-image-3963\" src=\"https:\/\/agora.xtec.cat\/iespauclaris\/wp-content\/uploads\/usu835\/2023\/02\/IMG_7822-150x150.jpg\" alt=\"\" width=\"150\" height=\"150\" \/><\/a> <a href=\"https:\/\/agora.xtec.cat\/iespauclaris\/general\/obrim-les-portes-del-pau-claris\/attachment\/img_7808\/\" rel=\"attachment wp-att-3965\"><img loading=\"lazy\" decoding=\"async\" class=\"alignnone size-thumbnail wp-image-3965\" src=\"https:\/\/agora.xtec.cat\/iespauclaris\/wp-content\/uploads\/usu835\/2023\/02\/IMG_7808-150x150.jpg\" alt=\"\" width=\"150\" height=\"150\" \/><\/a> <a href=\"https:\/\/agora.xtec.cat\/iespauclaris\/general\/obrim-les-portes-del-pau-claris\/attachment\/img_7805\/\" rel=\"attachment wp-att-3967\"><img loading=\"lazy\" decoding=\"async\" class=\"alignnone size-thumbnail wp-image-3967\" src=\"https:\/\/agora.xtec.cat\/iespauclaris\/wp-content\/uploads\/usu835\/2023\/02\/IMG_7805-150x150.jpg\" alt=\"\" width=\"150\" height=\"150\" \/><\/a> <a href=\"https:\/\/agora.xtec.cat\/iespauclaris\/general\/obrim-les-portes-del-pau-claris\/attachment\/img_7793\/\" rel=\"attachment wp-att-3968\"><img loading=\"lazy\" decoding=\"async\" class=\"alignnone size-thumbnail wp-image-3968\" src=\"https:\/\/agora.xtec.cat\/iespauclaris\/wp-content\/uploads\/usu835\/2023\/02\/IMG_7793-150x150.jpg\" alt=\"\" width=\"150\" height=\"150\" \/><\/a> <a href=\"https:\/\/agora.xtec.cat\/iespauclaris\/general\/obrim-les-portes-del-pau-claris\/attachment\/img_7795\/\" rel=\"attachment wp-att-3969\"><img loading=\"lazy\" decoding=\"async\" class=\"alignnone size-thumbnail wp-image-3969\" src=\"https:\/\/agora.xtec.cat\/iespauclaris\/wp-content\/uploads\/usu835\/2023\/02\/IMG_7795-150x150.jpg\" alt=\"\" width=\"150\" height=\"150\" \/><\/a> <a href=\"https:\/\/agora.xtec.cat\/iespauclaris\/general\/obrim-les-portes-del-pau-claris\/attachment\/img_7770\/\" rel=\"attachment wp-att-3970\"><img loading=\"lazy\" decoding=\"async\" class=\"alignnone size-thumbnail wp-image-3970\" src=\"https:\/\/agora.xtec.cat\/iespauclaris\/wp-content\/uploads\/usu835\/2023\/02\/IMG_7770-150x150.jpg\" alt=\"\" width=\"150\" height=\"150\" \/><\/a> <a href=\"https:\/\/agora.xtec.cat\/iespauclaris\/general\/obrim-les-portes-del-pau-claris\/attachment\/img_7783\/\" rel=\"attachment wp-att-3971\"><img loading=\"lazy\" decoding=\"async\" class=\"alignnone size-thumbnail wp-image-3971\" src=\"https:\/\/agora.xtec.cat\/iespauclaris\/wp-content\/uploads\/usu835\/2023\/02\/IMG_7783-150x150.jpg\" alt=\"\" width=\"150\" height=\"150\" \/><\/a> <a href=\"https:\/\/agora.xtec.cat\/iespauclaris\/general\/obrim-les-portes-del-pau-claris\/attachment\/img_7786\/\" rel=\"attachment wp-att-3972\"><img loading=\"lazy\" decoding=\"async\" class=\"alignnone size-thumbnail wp-image-3972\" src=\"https:\/\/agora.xtec.cat\/iespauclaris\/wp-content\/uploads\/usu835\/2023\/02\/IMG_7786-150x150.jpg\" alt=\"\" width=\"150\" height=\"150\" \/><\/a>\u00a0 <a href=\"https:\/\/agora.xtec.cat\/iespauclaris\/general\/obrim-les-portes-del-pau-claris\/attachment\/img_7767\/\" rel=\"attachment wp-att-3974\"><img loading=\"lazy\" decoding=\"async\" class=\"alignnone size-thumbnail wp-image-3974\" src=\"https:\/\/agora.xtec.cat\/iespauclaris\/wp-content\/uploads\/usu835\/2023\/02\/IMG_7767-150x150.jpg\" alt=\"\" width=\"150\" height=\"150\" \/><\/a><\/p>\n","protected":false},"excerpt":{"rendered":"<p>El dijous passat vam celebrar la primera jornada de portes obertes a l&#8217;institut. Primer, l&#8217;equip directiu va rebre a les fam\u00edlies a la sala d&#8217;actes, on van explicar quins s\u00f3n els essencials que vertebren el projecte educatiu del centre, aix\u00ed com els projectes amb qu\u00e8&hellip;  <a href=\"https:\/\/agora.xtec.cat\/iespauclaris\/general\/obrim-les-portes-del-pau-claris\/\" title=\"Read Obrim les portes!\">Llegeix m\u00e9s\u00bb<\/a><\/p>\n","protected":false},"author":1,"featured_media":3973,"comment_status":"closed","ping_status":"closed","sticky":false,"template":"","format":"standard","meta":{"_bbp_topic_count":0,"_bbp_reply_count":0,"_bbp_total_topic_count":0,"_bbp_total_reply_count":0,"_bbp_voice_count":0,"_bbp_anonymous_reply_count":0,"_bbp_topic_count_hidden":0,"_bbp_reply_count_hidden":0,"_bbp_forum_subforum_count":0,"footnotes":""},"categories":[1,29],"tags":[],"class_list":["post-3954","post","type-post","status-publish","format-standard","has-post-thumbnail","hentry","category-general","category-portada"],"post_mailing_queue_ids":[],"_links":{"self":[{"href":"https:\/\/agora.xtec.cat\/iespauclaris\/wp-json\/wp\/v2\/posts\/3954","targetHints":{"allow":["GET"]}}],"collection":[{"href":"https:\/\/agora.xtec.cat\/iespauclaris\/wp-json\/wp\/v2\/posts"}],"about":[{"href":"https:\/\/agora.xtec.cat\/iespauclaris\/wp-json\/wp\/v2\/types\/post"}],"author":[{"embeddable":true,"href":"https:\/\/agora.xtec.cat\/iespauclaris\/wp-json\/wp\/v2\/users\/1"}],"replies":[{"embeddable":true,"href":"https:\/\/agora.xtec.cat\/iespauclaris\/wp-json\/wp\/v2\/comments?post=3954"}],"version-history":[{"count":3,"href":"https:\/\/agora.xtec.cat\/iespauclaris\/wp-json\/wp\/v2\/posts\/3954\/revisions"}],"predecessor-version":[{"id":3985,"href":"https:\/\/agora.xtec.cat\/iespauclaris\/wp-json\/wp\/v2\/posts\/3954\/revisions\/3985"}],"wp:featuredmedia":[{"embeddable":true,"href":"https:\/\/agora.xtec.cat\/iespauclaris\/wp-json\/wp\/v2\/media\/3973"}],"wp:attachment":[{"href":"https:\/\/agora.xtec.cat\/iespauclaris\/wp-json\/wp\/v2\/media?parent=3954"}],"wp:term":[{"taxonomy":"category","embeddable":true,"href":"https:\/\/agora.xtec.cat\/iespauclaris\/wp-json\/wp\/v2\/categories?post=3954"},{"taxonomy":"post_tag","embeddable":true,"href":"https:\/\/agora.xtec.cat\/iespauclaris\/wp-json\/wp\/v2\/tags?post=3954"}],"curies":[{"name":"wp","href":"https:\/\/api.w.org\/{rel}","templated":true}]}}