{"id":3947,"date":"2023-02-22T23:32:45","date_gmt":"2023-02-22T22:32:45","guid":{"rendered":"https:\/\/agora.xtec.cat\/iespauclaris\/?p=3947"},"modified":"2023-03-01T21:23:20","modified_gmt":"2023-03-01T20:23:20","slug":"carnestoltes-2023-al-pau-claris","status":"publish","type":"post","link":"https:\/\/agora.xtec.cat\/iespauclaris\/general\/carnestoltes-2023-al-pau-claris\/","title":{"rendered":"Carnestoltes 2023 al Pau Claris"},"content":{"rendered":"<p>El divendres ens vam reunir tots plegats per celebrar el Carnestoltes. Primer vam unir-nos amb l&#8217;escola Pere Vila a la desfilada conjunta per l&#8217;Arc de Triomf. A continuaci\u00f3 vam moure&#8217;ns a la sala d&#8217;actes on cada grup va dur a terme el seu propi ball o espectacle sota l&#8217;atenta mirada del jurat, format per l&#8217;alumnat de 2n de batxillerat, el qual va acabar repartint premis per tothom! I \u00e9s que el nivell art\u00edstic dels grups no va decebre.<\/p>\n<p>La consigna general era disfressar-se de temes relacionats amb s\u00e8ries i pel\u00b7l\u00edcules. 1A anaven de lladres, 1rB d&#8217;Scream, 2nA de Pirates del Carib, 2n B de Peaky Blinders, 3r A de Black Men, 3r B de Tigers vs. Eagles, 4t A de Shrek, 4t B de Tarantino, 4t C d&#8217;univers Tim Burton, 4t D d&#8217;Oliver i Benji, 1r de Batxillerat de pel\u00b7l\u00edcules de casaments i 2n de Batxillerat de Toy Story.<\/p>\n<p>Moltes gr\u00e0cies a tots i totes per la vostra implicaci\u00f3 en la festa del Carnestoltes! Va ser un gran dia! A banda de les fotos, trobareu en el seg\u00fcent <a href=\"https:\/\/drive.google.com\/file\/d\/17FmLkcSkhJYuMDmx-c38LHCun7_6pS1A\/view?usp=sharing\">link<\/a> el v\u00eddeo del curs guanyador del premi al millor ball.<\/p>\n<p><a href=\"https:\/\/agora.xtec.cat\/iespauclaris\/pagines-dinici\/pagina-dinici-buida\/attachment\/img_7603\/\" rel=\"attachment wp-att-3931\"><img loading=\"lazy\" decoding=\"async\" class=\"alignnone size-thumbnail wp-image-3931\" src=\"https:\/\/agora.xtec.cat\/iespauclaris\/wp-content\/uploads\/usu835\/2023\/02\/IMG_7603-150x150.jpg\" alt=\"\" width=\"150\" height=\"150\" \/><\/a><a href=\"https:\/\/agora.xtec.cat\/iespauclaris\/pagines-dinici\/pagina-dinici-buida\/attachment\/img_7609\/\" rel=\"attachment wp-att-3932\"><img loading=\"lazy\" decoding=\"async\" class=\"alignnone size-thumbnail wp-image-3932\" src=\"https:\/\/agora.xtec.cat\/iespauclaris\/wp-content\/uploads\/usu835\/2023\/02\/IMG_7609-150x150.jpg\" alt=\"\" width=\"150\" height=\"150\" \/><\/a><a href=\"https:\/\/agora.xtec.cat\/iespauclaris\/pagines-dinici\/pagina-dinici-buida\/attachment\/img_7648\/\" rel=\"attachment wp-att-3933\"><img loading=\"lazy\" decoding=\"async\" class=\"alignnone size-thumbnail wp-image-3933\" src=\"https:\/\/agora.xtec.cat\/iespauclaris\/wp-content\/uploads\/usu835\/2023\/02\/IMG_7648-150x150.jpg\" alt=\"\" width=\"150\" height=\"150\" \/><\/a><a href=\"https:\/\/agora.xtec.cat\/iespauclaris\/pagines-dinici\/pagina-dinici-buida\/attachment\/img_7665\/\" rel=\"attachment wp-att-3934\"><img loading=\"lazy\" decoding=\"async\" class=\"alignnone size-thumbnail wp-image-3934\" src=\"https:\/\/agora.xtec.cat\/iespauclaris\/wp-content\/uploads\/usu835\/2023\/02\/IMG_7665-150x150.jpg\" alt=\"\" width=\"150\" height=\"150\" \/><\/a><a href=\"https:\/\/agora.xtec.cat\/iespauclaris\/pagines-dinici\/pagina-dinici-buida\/attachment\/img_7694\/\" rel=\"attachment wp-att-3935\"><img loading=\"lazy\" decoding=\"async\" class=\"alignnone size-thumbnail wp-image-3935\" src=\"https:\/\/agora.xtec.cat\/iespauclaris\/wp-content\/uploads\/usu835\/2023\/02\/IMG_7694-150x150.jpg\" alt=\"\" width=\"150\" height=\"150\" \/><\/a><a href=\"https:\/\/agora.xtec.cat\/iespauclaris\/pagines-dinici\/pagina-dinici-buida\/attachment\/img_7704\/\" rel=\"attachment wp-att-3936\"><img loading=\"lazy\" decoding=\"async\" class=\"alignnone size-thumbnail wp-image-3936\" src=\"https:\/\/agora.xtec.cat\/iespauclaris\/wp-content\/uploads\/usu835\/2023\/02\/IMG_7704-150x150.jpg\" alt=\"\" width=\"150\" height=\"150\" \/><\/a><a href=\"https:\/\/agora.xtec.cat\/iespauclaris\/pagines-dinici\/pagina-dinici-buida\/attachment\/img_7737\/\" rel=\"attachment wp-att-3938\"><img loading=\"lazy\" decoding=\"async\" class=\"alignnone size-thumbnail wp-image-3938\" src=\"https:\/\/agora.xtec.cat\/iespauclaris\/wp-content\/uploads\/usu835\/2023\/02\/IMG_7737-150x150.jpg\" alt=\"\" width=\"150\" height=\"150\" \/><\/a><a href=\"https:\/\/agora.xtec.cat\/iespauclaris\/pagines-dinici\/pagina-dinici-buida\/attachment\/img_7741\/\" rel=\"attachment wp-att-3939\"><img loading=\"lazy\" decoding=\"async\" class=\"alignnone wp-image-3939 size-thumbnail\" src=\"https:\/\/agora.xtec.cat\/iespauclaris\/wp-content\/uploads\/usu835\/2023\/02\/IMG_7741-150x150.jpg\" alt=\"\" width=\"150\" height=\"150\" \/><\/a><a href=\"https:\/\/agora.xtec.cat\/iespauclaris\/pagines-dinici\/pagina-dinici-buida\/attachment\/img_7744\/\" rel=\"attachment wp-att-3940\"><img loading=\"lazy\" decoding=\"async\" class=\"alignnone size-thumbnail wp-image-3940\" src=\"https:\/\/agora.xtec.cat\/iespauclaris\/wp-content\/uploads\/usu835\/2023\/02\/IMG_7744-150x150.jpg\" alt=\"\" width=\"150\" height=\"150\" \/><\/a><a href=\"https:\/\/agora.xtec.cat\/iespauclaris\/pagines-dinici\/pagina-dinici-buida\/attachment\/img_7746\/\" rel=\"attachment wp-att-3941\"><img loading=\"lazy\" decoding=\"async\" class=\"alignnone size-thumbnail wp-image-3941\" src=\"https:\/\/agora.xtec.cat\/iespauclaris\/wp-content\/uploads\/usu835\/2023\/02\/IMG_7746-150x150.jpg\" alt=\"\" width=\"150\" height=\"150\" \/><\/a><a href=\"https:\/\/agora.xtec.cat\/iespauclaris\/pagines-dinici\/pagina-dinici-buida\/attachment\/img_7748\/\" rel=\"attachment wp-att-3942\"><img loading=\"lazy\" decoding=\"async\" class=\"alignnone size-thumbnail wp-image-3942\" src=\"https:\/\/agora.xtec.cat\/iespauclaris\/wp-content\/uploads\/usu835\/2023\/02\/IMG_7748-150x150.jpg\" alt=\"\" width=\"150\" height=\"150\" \/><\/a><a href=\"https:\/\/agora.xtec.cat\/iespauclaris\/pagines-dinici\/pagina-dinici-buida\/attachment\/img_7751\/\" rel=\"attachment wp-att-3943\"><img loading=\"lazy\" decoding=\"async\" class=\"alignnone size-thumbnail wp-image-3943\" src=\"https:\/\/agora.xtec.cat\/iespauclaris\/wp-content\/uploads\/usu835\/2023\/02\/IMG_7751-150x150.jpg\" alt=\"\" width=\"150\" height=\"150\" \/><\/a><a href=\"https:\/\/agora.xtec.cat\/iespauclaris\/pagines-dinici\/pagina-dinici-buida\/attachment\/img_7753\/\" rel=\"attachment wp-att-3944\"><img loading=\"lazy\" decoding=\"async\" class=\"alignnone size-thumbnail wp-image-3944\" src=\"https:\/\/agora.xtec.cat\/iespauclaris\/wp-content\/uploads\/usu835\/2023\/02\/IMG_7753-150x150.jpg\" alt=\"\" width=\"150\" height=\"150\" \/><\/a><a href=\"https:\/\/agora.xtec.cat\/iespauclaris\/pagines-dinici\/pagina-dinici-buida\/attachment\/img_7755\/\" rel=\"attachment wp-att-3945\"><img loading=\"lazy\" decoding=\"async\" class=\"alignnone size-thumbnail wp-image-3945\" src=\"https:\/\/agora.xtec.cat\/iespauclaris\/wp-content\/uploads\/usu835\/2023\/02\/IMG_7755-150x150.jpg\" alt=\"\" width=\"150\" height=\"150\" \/><\/a><a href=\"https:\/\/agora.xtec.cat\/iespauclaris\/pagines-dinici\/pagina-dinici-buida\/attachment\/img_7759\/\" rel=\"attachment wp-att-3946\"><img loading=\"lazy\" decoding=\"async\" class=\"alignnone size-thumbnail wp-image-3946\" src=\"https:\/\/agora.xtec.cat\/iespauclaris\/wp-content\/uploads\/usu835\/2023\/02\/IMG_7759-150x150.jpg\" alt=\"\" width=\"150\" height=\"150\" \/><\/a><a href=\"https:\/\/agora.xtec.cat\/iespauclaris\/pagines-dinici\/pagina-dinici-buida\/attachment\/img_7591\/\" rel=\"attachment wp-att-3930\"><img loading=\"lazy\" decoding=\"async\" class=\"alignnone size-thumbnail wp-image-3930\" src=\"https:\/\/agora.xtec.cat\/iespauclaris\/wp-content\/uploads\/usu835\/2023\/02\/IMG_7591-150x150.jpg\" alt=\"\" width=\"150\" height=\"150\" \/><\/a><\/p>\n","protected":false},"excerpt":{"rendered":"<p>El divendres ens vam reunir tots plegats per celebrar el Carnestoltes. Primer vam unir-nos amb l&#8217;escola Pere Vila a la desfilada conjunta per l&#8217;Arc de Triomf. A continuaci\u00f3 vam moure&#8217;ns a la sala d&#8217;actes on cada grup va dur a terme el seu propi ball&hellip;  <a href=\"https:\/\/agora.xtec.cat\/iespauclaris\/general\/carnestoltes-2023-al-pau-claris\/\" title=\"Read Carnestoltes 2023 al Pau Claris\">Llegeix m\u00e9s\u00bb<\/a><\/p>\n","protected":false},"author":1,"featured_media":3935,"comment_status":"closed","ping_status":"closed","sticky":false,"template":"","format":"standard","meta":{"_bbp_topic_count":0,"_bbp_reply_count":0,"_bbp_total_topic_count":0,"_bbp_total_reply_count":0,"_bbp_voice_count":0,"_bbp_anonymous_reply_count":0,"_bbp_topic_count_hidden":0,"_bbp_reply_count_hidden":0,"_bbp_forum_subforum_count":0,"footnotes":""},"categories":[1,29],"tags":[],"class_list":["post-3947","post","type-post","status-publish","format-standard","has-post-thumbnail","hentry","category-general","category-portada"],"post_mailing_queue_ids":[],"_links":{"self":[{"href":"https:\/\/agora.xtec.cat\/iespauclaris\/wp-json\/wp\/v2\/posts\/3947","targetHints":{"allow":["GET"]}}],"collection":[{"href":"https:\/\/agora.xtec.cat\/iespauclaris\/wp-json\/wp\/v2\/posts"}],"about":[{"href":"https:\/\/agora.xtec.cat\/iespauclaris\/wp-json\/wp\/v2\/types\/post"}],"author":[{"embeddable":true,"href":"https:\/\/agora.xtec.cat\/iespauclaris\/wp-json\/wp\/v2\/users\/1"}],"replies":[{"embeddable":true,"href":"https:\/\/agora.xtec.cat\/iespauclaris\/wp-json\/wp\/v2\/comments?post=3947"}],"version-history":[{"count":3,"href":"https:\/\/agora.xtec.cat\/iespauclaris\/wp-json\/wp\/v2\/posts\/3947\/revisions"}],"predecessor-version":[{"id":3987,"href":"https:\/\/agora.xtec.cat\/iespauclaris\/wp-json\/wp\/v2\/posts\/3947\/revisions\/3987"}],"wp:featuredmedia":[{"embeddable":true,"href":"https:\/\/agora.xtec.cat\/iespauclaris\/wp-json\/wp\/v2\/media\/3935"}],"wp:attachment":[{"href":"https:\/\/agora.xtec.cat\/iespauclaris\/wp-json\/wp\/v2\/media?parent=3947"}],"wp:term":[{"taxonomy":"category","embeddable":true,"href":"https:\/\/agora.xtec.cat\/iespauclaris\/wp-json\/wp\/v2\/categories?post=3947"},{"taxonomy":"post_tag","embeddable":true,"href":"https:\/\/agora.xtec.cat\/iespauclaris\/wp-json\/wp\/v2\/tags?post=3947"}],"curies":[{"name":"wp","href":"https:\/\/api.w.org\/{rel}","templated":true}]}}