{"id":3925,"date":"2023-02-22T08:06:11","date_gmt":"2023-02-22T07:06:11","guid":{"rendered":"https:\/\/agora.xtec.cat\/iespauclaris\/?p=3925"},"modified":"2023-03-01T21:24:24","modified_gmt":"2023-03-01T20:24:24","slug":"estrenem-el-video-del-pla-lector","status":"publish","type":"post","link":"https:\/\/agora.xtec.cat\/iespauclaris\/general\/estrenem-el-video-del-pla-lector\/","title":{"rendered":"Estrenem el v\u00eddeo del Pla lector"},"content":{"rendered":"<p>Des de la comissi\u00f3 de comunicaci\u00f3 han ideat i creat un v\u00eddeo on es descriu qu\u00e8 \u00e9s el pla lector que enguany s&#8217;ha instaurat al centre. Ens ho expliquen l&#8217;equip impulsor, format pels professors de llengua castellana i llengua anglesa V\u00edctor Mar\u00edn i Maria Gonz\u00e1lez. A m\u00e9s, alguns alumnes ens responen preguntes que segurament ens hem pogut fer tots i totes en el temps que porta implementant-se el projecte.\u00a0Podeu veure&#8217;l de forma \u00edntegra al <a href=\"https:\/\/www.youtube.com\/watch?v=aXvr64wTUPw\" target=\"_blank\" rel=\"noopener\">seg\u00fcent enlla\u00e7. <\/a>Llarga vida al pla lector!<\/p>\n<p><iframe loading=\"lazy\" title=\"YouTube video player\" src=\"https:\/\/www.youtube.com\/embed\/aXvr64wTUPw\" width=\"560\" height=\"315\" frameborder=\"0\" allowfullscreen=\"allowfullscreen\"><\/iframe><\/p>\n","protected":false},"excerpt":{"rendered":"<p>Des de la comissi\u00f3 de comunicaci\u00f3 han ideat i creat un v\u00eddeo on es descriu qu\u00e8 \u00e9s el pla lector que enguany s&#8217;ha instaurat al centre. Ens ho expliquen l&#8217;equip impulsor, format pels professors de llengua castellana i llengua anglesa V\u00edctor Mar\u00edn i Maria Gonz\u00e1lez.&hellip;  <a href=\"https:\/\/agora.xtec.cat\/iespauclaris\/general\/estrenem-el-video-del-pla-lector\/\" title=\"Read Estrenem el v\u00eddeo del Pla lector\">Llegeix m\u00e9s\u00bb<\/a><\/p>\n","protected":false},"author":1,"featured_media":3928,"comment_status":"closed","ping_status":"closed","sticky":false,"template":"","format":"standard","meta":{"_bbp_topic_count":0,"_bbp_reply_count":0,"_bbp_total_topic_count":0,"_bbp_total_reply_count":0,"_bbp_voice_count":0,"_bbp_anonymous_reply_count":0,"_bbp_topic_count_hidden":0,"_bbp_reply_count_hidden":0,"_bbp_forum_subforum_count":0,"footnotes":""},"categories":[1,29],"tags":[],"class_list":["post-3925","post","type-post","status-publish","format-standard","has-post-thumbnail","hentry","category-general","category-portada"],"post_mailing_queue_ids":[],"_links":{"self":[{"href":"https:\/\/agora.xtec.cat\/iespauclaris\/wp-json\/wp\/v2\/posts\/3925","targetHints":{"allow":["GET"]}}],"collection":[{"href":"https:\/\/agora.xtec.cat\/iespauclaris\/wp-json\/wp\/v2\/posts"}],"about":[{"href":"https:\/\/agora.xtec.cat\/iespauclaris\/wp-json\/wp\/v2\/types\/post"}],"author":[{"embeddable":true,"href":"https:\/\/agora.xtec.cat\/iespauclaris\/wp-json\/wp\/v2\/users\/1"}],"replies":[{"embeddable":true,"href":"https:\/\/agora.xtec.cat\/iespauclaris\/wp-json\/wp\/v2\/comments?post=3925"}],"version-history":[{"count":3,"href":"https:\/\/agora.xtec.cat\/iespauclaris\/wp-json\/wp\/v2\/posts\/3925\/revisions"}],"predecessor-version":[{"id":3988,"href":"https:\/\/agora.xtec.cat\/iespauclaris\/wp-json\/wp\/v2\/posts\/3925\/revisions\/3988"}],"wp:featuredmedia":[{"embeddable":true,"href":"https:\/\/agora.xtec.cat\/iespauclaris\/wp-json\/wp\/v2\/media\/3928"}],"wp:attachment":[{"href":"https:\/\/agora.xtec.cat\/iespauclaris\/wp-json\/wp\/v2\/media?parent=3925"}],"wp:term":[{"taxonomy":"category","embeddable":true,"href":"https:\/\/agora.xtec.cat\/iespauclaris\/wp-json\/wp\/v2\/categories?post=3925"},{"taxonomy":"post_tag","embeddable":true,"href":"https:\/\/agora.xtec.cat\/iespauclaris\/wp-json\/wp\/v2\/tags?post=3925"}],"curies":[{"name":"wp","href":"https:\/\/api.w.org\/{rel}","templated":true}]}}