{"id":3909,"date":"2023-02-17T08:31:00","date_gmt":"2023-02-17T07:31:00","guid":{"rendered":"https:\/\/agora.xtec.cat\/iespauclaris\/?p=3909"},"modified":"2023-02-17T08:32:02","modified_gmt":"2023-02-17T07:32:02","slug":"ens-visiten-les-escoles-del-barri","status":"publish","type":"post","link":"https:\/\/agora.xtec.cat\/iespauclaris\/general\/ens-visiten-les-escoles-del-barri\/","title":{"rendered":"Ens visiten les escoles del barri!"},"content":{"rendered":"<p>Durant aquests dies ens han visitat alumnes de sis\u00e8 de prim\u00e0ria de diferents escoles del barri per con\u00e8ixer l\u2019institut i la manera com treballem. Primer els hi vam portar unes capses amb uns papers per a qu\u00e8 poguessin introduir els seus dubtes en relaci\u00f3 amb el pas a la secund\u00e0ria i al Pau Claris.<\/p>\n<p><a href=\"https:\/\/agora.xtec.cat\/iespauclaris\/general\/ens-visiten-les-escoles-del-barri\/attachment\/16758487236811\/\" rel=\"attachment wp-att-3910\"><img loading=\"lazy\" decoding=\"async\" class=\"alignnone size-thumbnail wp-image-3910\" src=\"https:\/\/agora.xtec.cat\/iespauclaris\/wp-content\/uploads\/usu835\/2023\/02\/16758487236811-150x150.jpg\" alt=\"\" width=\"150\" height=\"150\" \/><\/a><\/p>\n<p>Quan van venir al centre, van fer una ruta per con\u00e8ixer les nostres instal\u00b7lacions i uns tallers de rob\u00f2tica i matem\u00e0tiques aplicades. Finalment, varen pujar a la sala d\u2019actes i els vam respondre les seves preguntes i els seus dubtes.<\/p>\n<p><a href=\"https:\/\/agora.xtec.cat\/iespauclaris\/general\/ens-visiten-les-escoles-del-barri\/attachment\/img_6880\/\" rel=\"attachment wp-att-3911\"><img loading=\"lazy\" decoding=\"async\" class=\"alignnone size-thumbnail wp-image-3911\" src=\"https:\/\/agora.xtec.cat\/iespauclaris\/wp-content\/uploads\/usu835\/2023\/02\/IMG_6880-150x150.jpg\" alt=\"\" width=\"150\" height=\"150\" \/><\/a> <a href=\"https:\/\/agora.xtec.cat\/iespauclaris\/general\/ens-visiten-les-escoles-del-barri\/attachment\/img_6966\/\" rel=\"attachment wp-att-3912\"><img loading=\"lazy\" decoding=\"async\" class=\"alignnone size-thumbnail wp-image-3912\" src=\"https:\/\/agora.xtec.cat\/iespauclaris\/wp-content\/uploads\/usu835\/2023\/02\/IMG_6966-150x150.jpg\" alt=\"\" width=\"150\" height=\"150\" \/><\/a> <a href=\"https:\/\/agora.xtec.cat\/iespauclaris\/general\/ens-visiten-les-escoles-del-barri\/attachment\/img_7030\/\" rel=\"attachment wp-att-3913\"><img loading=\"lazy\" decoding=\"async\" class=\"alignnone size-thumbnail wp-image-3913\" src=\"https:\/\/agora.xtec.cat\/iespauclaris\/wp-content\/uploads\/usu835\/2023\/02\/IMG_7030-150x150.jpg\" alt=\"\" width=\"150\" height=\"150\" \/><\/a> <a href=\"https:\/\/agora.xtec.cat\/iespauclaris\/general\/ens-visiten-les-escoles-del-barri\/attachment\/img_7042\/\" rel=\"attachment wp-att-3914\"><img loading=\"lazy\" decoding=\"async\" class=\"alignnone size-thumbnail wp-image-3914\" src=\"https:\/\/agora.xtec.cat\/iespauclaris\/wp-content\/uploads\/usu835\/2023\/02\/IMG_7042-150x150.jpg\" alt=\"\" width=\"150\" height=\"150\" \/><\/a> <a href=\"https:\/\/agora.xtec.cat\/iespauclaris\/general\/ens-visiten-les-escoles-del-barri\/attachment\/img_7047\/\" rel=\"attachment wp-att-3915\"><img loading=\"lazy\" decoding=\"async\" class=\"alignnone size-thumbnail wp-image-3915\" src=\"https:\/\/agora.xtec.cat\/iespauclaris\/wp-content\/uploads\/usu835\/2023\/02\/IMG_7047-150x150.jpg\" alt=\"\" width=\"150\" height=\"150\" \/><\/a> <a href=\"https:\/\/agora.xtec.cat\/iespauclaris\/general\/ens-visiten-les-escoles-del-barri\/attachment\/img_7190\/\" rel=\"attachment wp-att-3916\"><img loading=\"lazy\" decoding=\"async\" class=\"alignnone size-thumbnail wp-image-3916\" src=\"https:\/\/agora.xtec.cat\/iespauclaris\/wp-content\/uploads\/usu835\/2023\/02\/IMG_7190-150x150.jpg\" alt=\"\" width=\"150\" height=\"150\" \/><\/a><\/p>\n<p>Concretament, ens han visitat alumnes del Fort Pienc, el Pere Vila, el Cervantes, el Baixeras i el Parc de la Ciutadella.<\/p>\n<p>Ha estat una experi\u00e8ncia molt enriquidora! Esperem que les escoles hagin gaudit i s&#8217;enduguin un bon record de l&#8217;institut. Amb una mica de sort potser ens retrobarem aviat!<\/p>\n","protected":false},"excerpt":{"rendered":"<p>Durant aquests dies ens han visitat alumnes de sis\u00e8 de prim\u00e0ria de diferents escoles del barri per con\u00e8ixer l\u2019institut i la manera com treballem. Primer els hi vam portar unes capses amb uns papers per a qu\u00e8 poguessin introduir els seus dubtes en relaci\u00f3 amb&hellip;  <a href=\"https:\/\/agora.xtec.cat\/iespauclaris\/general\/ens-visiten-les-escoles-del-barri\/\" title=\"Read Ens visiten les escoles del barri!\">Llegeix m\u00e9s\u00bb<\/a><\/p>\n","protected":false},"author":1,"featured_media":3912,"comment_status":"closed","ping_status":"closed","sticky":false,"template":"","format":"standard","meta":{"_bbp_topic_count":0,"_bbp_reply_count":0,"_bbp_total_topic_count":0,"_bbp_total_reply_count":0,"_bbp_voice_count":0,"_bbp_anonymous_reply_count":0,"_bbp_topic_count_hidden":0,"_bbp_reply_count_hidden":0,"_bbp_forum_subforum_count":0,"footnotes":""},"categories":[1,29],"tags":[],"class_list":["post-3909","post","type-post","status-publish","format-standard","has-post-thumbnail","hentry","category-general","category-portada"],"post_mailing_queue_ids":[],"_links":{"self":[{"href":"https:\/\/agora.xtec.cat\/iespauclaris\/wp-json\/wp\/v2\/posts\/3909","targetHints":{"allow":["GET"]}}],"collection":[{"href":"https:\/\/agora.xtec.cat\/iespauclaris\/wp-json\/wp\/v2\/posts"}],"about":[{"href":"https:\/\/agora.xtec.cat\/iespauclaris\/wp-json\/wp\/v2\/types\/post"}],"author":[{"embeddable":true,"href":"https:\/\/agora.xtec.cat\/iespauclaris\/wp-json\/wp\/v2\/users\/1"}],"replies":[{"embeddable":true,"href":"https:\/\/agora.xtec.cat\/iespauclaris\/wp-json\/wp\/v2\/comments?post=3909"}],"version-history":[{"count":2,"href":"https:\/\/agora.xtec.cat\/iespauclaris\/wp-json\/wp\/v2\/posts\/3909\/revisions"}],"predecessor-version":[{"id":3919,"href":"https:\/\/agora.xtec.cat\/iespauclaris\/wp-json\/wp\/v2\/posts\/3909\/revisions\/3919"}],"wp:featuredmedia":[{"embeddable":true,"href":"https:\/\/agora.xtec.cat\/iespauclaris\/wp-json\/wp\/v2\/media\/3912"}],"wp:attachment":[{"href":"https:\/\/agora.xtec.cat\/iespauclaris\/wp-json\/wp\/v2\/media?parent=3909"}],"wp:term":[{"taxonomy":"category","embeddable":true,"href":"https:\/\/agora.xtec.cat\/iespauclaris\/wp-json\/wp\/v2\/categories?post=3909"},{"taxonomy":"post_tag","embeddable":true,"href":"https:\/\/agora.xtec.cat\/iespauclaris\/wp-json\/wp\/v2\/tags?post=3909"}],"curies":[{"name":"wp","href":"https:\/\/api.w.org\/{rel}","templated":true}]}}