{"id":3890,"date":"2023-02-13T18:03:09","date_gmt":"2023-02-13T17:03:09","guid":{"rendered":"https:\/\/agora.xtec.cat\/iespauclaris\/?p=3890"},"modified":"2023-02-14T10:24:17","modified_gmt":"2023-02-14T09:24:17","slug":"ens-estrenem-a-la-lliga-de-debat","status":"publish","type":"post","link":"https:\/\/agora.xtec.cat\/iespauclaris\/general\/ens-estrenem-a-la-lliga-de-debat\/","title":{"rendered":"A la Lliga de debat (de nou!)"},"content":{"rendered":"<p>Molt bones sensacions avui a la Lliga de debat UAB xarxa Vives debatent la pregunta: Cal regular les xarxes socials per combatre la desinformaci\u00f3?\u00a0La Lliga de debat \u00e9s una competici\u00f3 d\u2019orat\u00f2ria en la qual diversos equips d\u2019estudiants de 4t d\u2019ESO, Batxillerat i Formaci\u00f3 Professional de diferents centres docents debaten sobre un tema pol\u00e8mic i d\u2019actualitat. L\u2019objectiu de la Lliga \u00e9s fomentar les compet\u00e8ncies transversals dels estudiants mitjan\u00e7ant l\u2019\u00fas de la paraula i crear un espai de formaci\u00f3 on s\u2019utilitza el catal\u00e0 com a llengua vehicular. L&#8217;alumnat del Pau Claris ha estat brillant! Quina bona progressi\u00f3 del primer al tercer debat! Enhorabona \ud83d\udc4f\ud83d\udc4f\ud83d\udc4f\ud83e\udd17\ud83d\ude42<\/p>\n<p><a href=\"https:\/\/agora.xtec.cat\/iespauclaris\/general\/ens-estrenem-a-la-lliga-de-debat\/attachment\/1676307248181\/\" rel=\"attachment wp-att-3891\"><img loading=\"lazy\" decoding=\"async\" class=\"alignnone size-thumbnail wp-image-3891\" src=\"https:\/\/agora.xtec.cat\/iespauclaris\/wp-content\/uploads\/usu835\/2023\/02\/1676307248181-150x150.jpg\" alt=\"\" width=\"150\" height=\"150\" \/><\/a> <a href=\"https:\/\/agora.xtec.cat\/iespauclaris\/general\/ens-estrenem-a-la-lliga-de-debat\/attachment\/1676307248101\/\" rel=\"attachment wp-att-3892\"><img loading=\"lazy\" decoding=\"async\" class=\"alignnone size-thumbnail wp-image-3892\" src=\"https:\/\/agora.xtec.cat\/iespauclaris\/wp-content\/uploads\/usu835\/2023\/02\/1676307248101-150x150.jpg\" alt=\"\" width=\"150\" height=\"150\" \/><\/a> <a href=\"https:\/\/agora.xtec.cat\/iespauclaris\/general\/ens-estrenem-a-la-lliga-de-debat\/attachment\/1676307248158\/\" rel=\"attachment wp-att-3893\"><img loading=\"lazy\" decoding=\"async\" class=\"alignnone size-thumbnail wp-image-3893\" src=\"https:\/\/agora.xtec.cat\/iespauclaris\/wp-content\/uploads\/usu835\/2023\/02\/1676307248158-150x150.jpg\" alt=\"\" width=\"150\" height=\"150\" \/><\/a> <a href=\"https:\/\/agora.xtec.cat\/iespauclaris\/general\/ens-estrenem-a-la-lliga-de-debat\/attachment\/1676307248124\/\" rel=\"attachment wp-att-3894\"><img loading=\"lazy\" decoding=\"async\" class=\"alignnone size-thumbnail wp-image-3894\" src=\"https:\/\/agora.xtec.cat\/iespauclaris\/wp-content\/uploads\/usu835\/2023\/02\/1676307248124-150x150.jpg\" alt=\"\" width=\"150\" height=\"150\" \/><\/a><\/p>\n","protected":false},"excerpt":{"rendered":"<p>Molt bones sensacions avui a la Lliga de debat UAB xarxa Vives debatent la pregunta: Cal regular les xarxes socials per combatre la desinformaci\u00f3?\u00a0La Lliga de debat \u00e9s una competici\u00f3 d\u2019orat\u00f2ria en la qual diversos equips d\u2019estudiants de 4t d\u2019ESO, Batxillerat i Formaci\u00f3 Professional de&hellip;  <a href=\"https:\/\/agora.xtec.cat\/iespauclaris\/general\/ens-estrenem-a-la-lliga-de-debat\/\" title=\"Read A la Lliga de debat (de nou!)\">Llegeix m\u00e9s\u00bb<\/a><\/p>\n","protected":false},"author":1,"featured_media":3895,"comment_status":"closed","ping_status":"closed","sticky":false,"template":"","format":"standard","meta":{"_bbp_topic_count":0,"_bbp_reply_count":0,"_bbp_total_topic_count":0,"_bbp_total_reply_count":0,"_bbp_voice_count":0,"_bbp_anonymous_reply_count":0,"_bbp_topic_count_hidden":0,"_bbp_reply_count_hidden":0,"_bbp_forum_subforum_count":0,"footnotes":""},"categories":[1,29],"tags":[],"class_list":["post-3890","post","type-post","status-publish","format-standard","has-post-thumbnail","hentry","category-general","category-portada"],"post_mailing_queue_ids":[],"_links":{"self":[{"href":"https:\/\/agora.xtec.cat\/iespauclaris\/wp-json\/wp\/v2\/posts\/3890","targetHints":{"allow":["GET"]}}],"collection":[{"href":"https:\/\/agora.xtec.cat\/iespauclaris\/wp-json\/wp\/v2\/posts"}],"about":[{"href":"https:\/\/agora.xtec.cat\/iespauclaris\/wp-json\/wp\/v2\/types\/post"}],"author":[{"embeddable":true,"href":"https:\/\/agora.xtec.cat\/iespauclaris\/wp-json\/wp\/v2\/users\/1"}],"replies":[{"embeddable":true,"href":"https:\/\/agora.xtec.cat\/iespauclaris\/wp-json\/wp\/v2\/comments?post=3890"}],"version-history":[{"count":3,"href":"https:\/\/agora.xtec.cat\/iespauclaris\/wp-json\/wp\/v2\/posts\/3890\/revisions"}],"predecessor-version":[{"id":3905,"href":"https:\/\/agora.xtec.cat\/iespauclaris\/wp-json\/wp\/v2\/posts\/3890\/revisions\/3905"}],"wp:featuredmedia":[{"embeddable":true,"href":"https:\/\/agora.xtec.cat\/iespauclaris\/wp-json\/wp\/v2\/media\/3895"}],"wp:attachment":[{"href":"https:\/\/agora.xtec.cat\/iespauclaris\/wp-json\/wp\/v2\/media?parent=3890"}],"wp:term":[{"taxonomy":"category","embeddable":true,"href":"https:\/\/agora.xtec.cat\/iespauclaris\/wp-json\/wp\/v2\/categories?post=3890"},{"taxonomy":"post_tag","embeddable":true,"href":"https:\/\/agora.xtec.cat\/iespauclaris\/wp-json\/wp\/v2\/tags?post=3890"}],"curies":[{"name":"wp","href":"https:\/\/api.w.org\/{rel}","templated":true}]}}