{"id":3882,"date":"2023-02-13T00:00:38","date_gmt":"2023-02-12T23:00:38","guid":{"rendered":"https:\/\/agora.xtec.cat\/iespauclaris\/?p=3882"},"modified":"2023-02-14T12:18:34","modified_gmt":"2023-02-14T11:18:34","slug":"ens-han-atorgat-un-erasmus-ka120-de-llarga-durada","status":"publish","type":"post","link":"https:\/\/agora.xtec.cat\/iespauclaris\/general\/ens-han-atorgat-un-erasmus-ka120-de-llarga-durada\/","title":{"rendered":"Erasmus+ KA120 de llarga durada!"},"content":{"rendered":"<p>Ens han escollit al programa Erasmus\u00a0+ KA 120,\u00a0<b>un projecte de llarga durada (5 anys)<\/b> que aportar\u00e0 fons econ\u00f2mics suficients per poder aprofundir en les mobilitats de l&#8217;alumnat, estades dels alumnes i formaci\u00f3 del professorat a diversos centres europeus, provoment criteris d&#8217;equitat per donar oportunitats a tot l&#8217;alumnat del centre. Volem fer difusi\u00f3 amb la comunitat educativa del centre per tal que sigui conegut per enfortir-nos com comunitat que continua treballant en la millora educativa, donant oportunitats d&#8217;aprenentatge en les compet\u00e8ncies ling\u00fc\u00edstiques, les compet\u00e8ncies globals, digitals i de sostenibilitat.<\/p>\n<p>Estem molt contents de compartir amb vosaltres aquest nou projecte que volem impulsar tots plegats per donar oportunitats d&#8217;aprenentatge real i aut\u00e8ntic, contextualitzat i rellevant per formar persones per a la vida.<\/p>\n<p>El projecte es desplega en 5 grans objectius:<\/p>\n<div>\n<ul>\n<li>Avan\u00e7ar cap a una educaci\u00f3 internacional, de qualitat, inclusiva i diversa a trav\u00e9s del<br \/>\ndomini de les soft skills (<a href=\"https:\/\/drive.google.com\/file\/d\/12-Ov-o1Qjsso5ckZV_U_3Q8g0UZXEkbc\/view?usp=sharing\" target=\"_blank\" rel=\"noopener\" data-saferedirecturl=\"https:\/\/www.google.com\/url?q=https:\/\/drive.google.com\/file\/d\/12-Ov-o1Qjsso5ckZV_U_3Q8g0UZXEkbc\/view?usp%3Dsharing&amp;source=gmail&amp;ust=1676286458113000&amp;usg=AOvVaw3BlRAYi3bjhi2FaH6_MwIR\">LifeComp<\/a>).<\/li>\n<li>Establir el nostre centre educatiu com a referent del marc\u00a0<a href=\"https:\/\/drive.google.com\/file\/d\/1q5LtepQF1L-r2nv2wuBsqkAtAQvqlNl4\/view?usp=sharing\" target=\"_blank\" rel=\"noopener\" data-saferedirecturl=\"https:\/\/www.google.com\/url?q=https:\/\/drive.google.com\/file\/d\/1q5LtepQF1L-r2nv2wuBsqkAtAQvqlNl4\/view?usp%3Dsharing&amp;source=gmail&amp;ust=1676286458113000&amp;usg=AOvVaw0ZnZ52vOJUZieRf-g6vTSj\">DIGCOMPEDU<\/a>\u00a0a l&#8217;espai Europeu d&#8217;educaci\u00f3 per mitj\u00e0 de l&#8217;aplicaci\u00f3 de l&#8217;Estrat\u00e8gia Digital de Centre.<\/li>\n<li>Millorar la\u00a0<b>compet\u00e8ncia ling\u00fc\u00edstica<\/b>\u00a0mitjan\u00e7ant la internacionalitzaci\u00f3 del centre.<\/li>\n<li>Consolidar el\u00a0<b>treball en xarxa<\/b> a trav\u00e9s de la comunitat professional d&#8217;aprenentatge, l&#8217;observaci\u00f3 entre iguals i la codoc\u00e8ncia entre el professorat.<\/li>\n<li>Implementar el marc europeu de compet\u00e8ncies sobre la sostenibilitat per desenvolupar les <a href=\"https:\/\/drive.google.com\/file\/d\/1BjkqfTbJKrWfh19GiuXGuG1ogfGE_y77\/view?usp=sharing\" target=\"_blank\" rel=\"noopener\" data-saferedirecturl=\"https:\/\/www.google.com\/url?q=https:\/\/drive.google.com\/file\/d\/1BjkqfTbJKrWfh19GiuXGuG1ogfGE_y77\/view?usp%3Dsharing&amp;source=gmail&amp;ust=1676286458113000&amp;usg=AOvVaw2CiDSb8XuJ_fD5RIQW2gBC\">GreenComp<\/a>\u00a0del nostre alumnat.<\/li>\n<\/ul>\n<\/div>\n<div><\/div>\n<div>Volem celebrar-ho! Volem viure&#8217;l tots plegats! Volem compartir la il\u00b7lusi\u00f3 i l&#8217;alegria!<\/div>\n<div><\/div>\n<div><a href=\"https:\/\/agora.xtec.cat\/iespauclaris\/general\/ens-han-atorgat-un-erasmus-ka120-de-llarga-durada\/attachment\/logo\/\" rel=\"attachment wp-att-3888\"><img loading=\"lazy\" decoding=\"async\" class=\"alignnone size-medium wp-image-3888\" src=\"https:\/\/agora.xtec.cat\/iespauclaris\/wp-content\/uploads\/usu835\/2023\/02\/logo-300x86.png\" alt=\"\" width=\"300\" height=\"86\" srcset=\"https:\/\/agora.xtec.cat\/iespauclaris\/wp-content\/uploads\/usu835\/2023\/02\/logo-300x86.png 300w, https:\/\/agora.xtec.cat\/iespauclaris\/wp-content\/uploads\/usu835\/2023\/02\/logo.png 420w\" sizes=\"auto, (max-width: 300px) 100vw, 300px\" \/><\/a><\/div>\n","protected":false},"excerpt":{"rendered":"<p>Ens han escollit al programa Erasmus\u00a0+ KA 120,\u00a0un projecte de llarga durada (5 anys) que aportar\u00e0 fons econ\u00f2mics suficients per poder aprofundir en les mobilitats de l&#8217;alumnat, estades dels alumnes i formaci\u00f3 del professorat a diversos centres europeus, provoment criteris d&#8217;equitat per donar oportunitats a&hellip;  <a href=\"https:\/\/agora.xtec.cat\/iespauclaris\/general\/ens-han-atorgat-un-erasmus-ka120-de-llarga-durada\/\" title=\"Read Erasmus+ KA120 de llarga durada!\">Llegeix m\u00e9s\u00bb<\/a><\/p>\n","protected":false},"author":1,"featured_media":3883,"comment_status":"closed","ping_status":"closed","sticky":false,"template":"","format":"standard","meta":{"_bbp_topic_count":0,"_bbp_reply_count":0,"_bbp_total_topic_count":0,"_bbp_total_reply_count":0,"_bbp_voice_count":0,"_bbp_anonymous_reply_count":0,"_bbp_topic_count_hidden":0,"_bbp_reply_count_hidden":0,"_bbp_forum_subforum_count":0,"footnotes":""},"categories":[1,29],"tags":[],"class_list":["post-3882","post","type-post","status-publish","format-standard","has-post-thumbnail","hentry","category-general","category-portada"],"post_mailing_queue_ids":[],"_links":{"self":[{"href":"https:\/\/agora.xtec.cat\/iespauclaris\/wp-json\/wp\/v2\/posts\/3882","targetHints":{"allow":["GET"]}}],"collection":[{"href":"https:\/\/agora.xtec.cat\/iespauclaris\/wp-json\/wp\/v2\/posts"}],"about":[{"href":"https:\/\/agora.xtec.cat\/iespauclaris\/wp-json\/wp\/v2\/types\/post"}],"author":[{"embeddable":true,"href":"https:\/\/agora.xtec.cat\/iespauclaris\/wp-json\/wp\/v2\/users\/1"}],"replies":[{"embeddable":true,"href":"https:\/\/agora.xtec.cat\/iespauclaris\/wp-json\/wp\/v2\/comments?post=3882"}],"version-history":[{"count":3,"href":"https:\/\/agora.xtec.cat\/iespauclaris\/wp-json\/wp\/v2\/posts\/3882\/revisions"}],"predecessor-version":[{"id":3908,"href":"https:\/\/agora.xtec.cat\/iespauclaris\/wp-json\/wp\/v2\/posts\/3882\/revisions\/3908"}],"wp:featuredmedia":[{"embeddable":true,"href":"https:\/\/agora.xtec.cat\/iespauclaris\/wp-json\/wp\/v2\/media\/3883"}],"wp:attachment":[{"href":"https:\/\/agora.xtec.cat\/iespauclaris\/wp-json\/wp\/v2\/media?parent=3882"}],"wp:term":[{"taxonomy":"category","embeddable":true,"href":"https:\/\/agora.xtec.cat\/iespauclaris\/wp-json\/wp\/v2\/categories?post=3882"},{"taxonomy":"post_tag","embeddable":true,"href":"https:\/\/agora.xtec.cat\/iespauclaris\/wp-json\/wp\/v2\/tags?post=3882"}],"curies":[{"name":"wp","href":"https:\/\/api.w.org\/{rel}","templated":true}]}}