{"id":3865,"date":"2023-02-07T13:59:29","date_gmt":"2023-02-07T12:59:29","guid":{"rendered":"https:\/\/agora.xtec.cat\/iespauclaris\/?p=3865"},"modified":"2023-02-07T17:16:43","modified_gmt":"2023-02-07T16:16:43","slug":"sos-sucre-altres","status":"publish","type":"post","link":"https:\/\/agora.xtec.cat\/iespauclaris\/general\/sos-sucre-altres\/","title":{"rendered":"SOS! Donem sucre, sacs i mantes!"},"content":{"rendered":"<p>Des de 3r d&#8217;ESO us demanem que participeu en aquesta campanya de recollida de <strong>sucre, mantes i sacs de dormir<\/strong>. A partir del projecte Veu i Brot hem conegut el menjador social de <a href=\"https:\/\/www.totbarcelona.cat\/societat\/parroquia-santa-anna-demana-ajuda-mantenir-menjador-social-163186\/\" target=\"_blank\" rel=\"noopener\"><strong>Santa Anna<\/strong><\/a> i ens han demanat si podem col\u00b7laborar en la seva tasca d&#8217;ajudar als m\u00e9s desafavorits. Porteu tant material com pugueu fins al dia 17 de febrer. Per qu\u00e8 sucre? Perqu\u00e8 ho barregen amb el caf\u00e8 per estar desperts a la nit i aix\u00ed evitar robatoris o agressions. Mireu <a href=\"https:\/\/drive.google.com\/file\/d\/1WOg9bsQBss4EYhGKzNySSJuw9mkraPYJ\/view?usp=sharing\" target=\"_blank\" rel=\"noopener\"><strong>aqu\u00ed<\/strong><\/a> el v\u00eddeo time lapse de la din\u00e0mica de preparaci\u00f3 sobre la just\u00edcia social (i <a href=\"https:\/\/drive.google.com\/file\/d\/1F0IliDt35fJ9s03qs5rO621SK76Y6aXE\/view?usp=sharing\" target=\"_blank\" rel=\"noopener\"><strong>aqu\u00ed<\/strong> <\/a>en velocitat normal).<\/p>\n<p><a href=\"https:\/\/agora.xtec.cat\/iespauclaris\/general\/sos-sucre-altres\/attachment\/menjador-3\/\" rel=\"attachment wp-att-3868\"><img loading=\"lazy\" decoding=\"async\" class=\"alignnone size-thumbnail wp-image-3868\" src=\"https:\/\/agora.xtec.cat\/iespauclaris\/wp-content\/uploads\/usu835\/2023\/02\/Menjador-150x150.jpg\" alt=\"\" width=\"150\" height=\"150\" \/> <\/a><a href=\"https:\/\/agora.xtec.cat\/iespauclaris\/general\/sos-sucre-altres\/attachment\/veu\/\" rel=\"attachment wp-att-3870\"><img loading=\"lazy\" decoding=\"async\" class=\"alignnone size-thumbnail wp-image-3870\" src=\"https:\/\/agora.xtec.cat\/iespauclaris\/wp-content\/uploads\/usu835\/2023\/02\/Veu-150x150.jpg\" alt=\"\" width=\"150\" height=\"150\" \/><\/a><\/p>\n","protected":false},"excerpt":{"rendered":"<p>Des de 3r d&#8217;ESO us demanem que participeu en aquesta campanya de recollida de sucre, mantes i sacs de dormir. A partir del projecte Veu i Brot hem conegut el menjador social de <a href=\"https:\/\/www.totbarcelona.cat\/societat\/parroquia-santa-anna-demana-ajuda-mantenir-menjador-social-163186\/\" target=\"_blank\" rel=\"noopener\">Santa Anna<\/a> i ens han demanat si podem col\u00b7laborar&hellip;  <a href=\"https:\/\/agora.xtec.cat\/iespauclaris\/general\/sos-sucre-altres\/\" title=\"Read SOS! Donem sucre, sacs i mantes!\">Llegeix m\u00e9s\u00bb<\/a><\/p>\n","protected":false},"author":1,"featured_media":3866,"comment_status":"closed","ping_status":"closed","sticky":false,"template":"","format":"standard","meta":{"_bbp_topic_count":0,"_bbp_reply_count":0,"_bbp_total_topic_count":0,"_bbp_total_reply_count":0,"_bbp_voice_count":0,"_bbp_anonymous_reply_count":0,"_bbp_topic_count_hidden":0,"_bbp_reply_count_hidden":0,"_bbp_forum_subforum_count":0,"footnotes":""},"categories":[6,1,29],"tags":[],"class_list":["post-3865","post","type-post","status-publish","format-standard","has-post-thumbnail","hentry","category-eso-3","category-general","category-portada"],"post_mailing_queue_ids":[],"_links":{"self":[{"href":"https:\/\/agora.xtec.cat\/iespauclaris\/wp-json\/wp\/v2\/posts\/3865","targetHints":{"allow":["GET"]}}],"collection":[{"href":"https:\/\/agora.xtec.cat\/iespauclaris\/wp-json\/wp\/v2\/posts"}],"about":[{"href":"https:\/\/agora.xtec.cat\/iespauclaris\/wp-json\/wp\/v2\/types\/post"}],"author":[{"embeddable":true,"href":"https:\/\/agora.xtec.cat\/iespauclaris\/wp-json\/wp\/v2\/users\/1"}],"replies":[{"embeddable":true,"href":"https:\/\/agora.xtec.cat\/iespauclaris\/wp-json\/wp\/v2\/comments?post=3865"}],"version-history":[{"count":3,"href":"https:\/\/agora.xtec.cat\/iespauclaris\/wp-json\/wp\/v2\/posts\/3865\/revisions"}],"predecessor-version":[{"id":3879,"href":"https:\/\/agora.xtec.cat\/iespauclaris\/wp-json\/wp\/v2\/posts\/3865\/revisions\/3879"}],"wp:featuredmedia":[{"embeddable":true,"href":"https:\/\/agora.xtec.cat\/iespauclaris\/wp-json\/wp\/v2\/media\/3866"}],"wp:attachment":[{"href":"https:\/\/agora.xtec.cat\/iespauclaris\/wp-json\/wp\/v2\/media?parent=3865"}],"wp:term":[{"taxonomy":"category","embeddable":true,"href":"https:\/\/agora.xtec.cat\/iespauclaris\/wp-json\/wp\/v2\/categories?post=3865"},{"taxonomy":"post_tag","embeddable":true,"href":"https:\/\/agora.xtec.cat\/iespauclaris\/wp-json\/wp\/v2\/tags?post=3865"}],"curies":[{"name":"wp","href":"https:\/\/api.w.org\/{rel}","templated":true}]}}