{"id":3864,"date":"2023-02-07T14:20:57","date_gmt":"2023-02-07T13:20:57","guid":{"rendered":"https:\/\/agora.xtec.cat\/iespauclaris\/?p=3864"},"modified":"2023-02-09T08:14:22","modified_gmt":"2023-02-09T07:14:22","slug":"el-projecte-veu-i-brot-aterra-a-3r-deso","status":"publish","type":"post","link":"https:\/\/agora.xtec.cat\/iespauclaris\/general\/el-projecte-veu-i-brot-aterra-a-3r-deso\/","title":{"rendered":"El projecte Veu i Brot aterra a 3r"},"content":{"rendered":"<p>Aquest segon trimestre l&#8217;alumnat de 3r d&#8217;ESO est\u00e0 duent a terme, a les sessions de l&#8217;assignatura de FUP, el projecte Veu i Brot. Es tracta d&#8217;una proposta d&#8217;aprenentatge i servei comunitari de la Fundaci\u00f3 Adsis basada en la sobirania aliment\u00e0ria i la dieta saludable. En el seg\u00fcent <a href=\"https:\/\/www.fundacionadsis.org\/ca\/barcelona\/noticias\/el-primer-any-del-projecte-veu-i-brot\" target=\"_blank\" rel=\"noopener\">enlla\u00e7<\/a> trobareu la cr\u00f2nica de la participaci\u00f3 en el projecte del grup de tercer de l&#8217;any passat:<\/p>\n<p>Algunes de les activitats que s&#8217;han realitzat s\u00f3n una gimcana pels establiments del barri per tal de con\u00e8ixer el grau de malbaratament que es fa dels aliments, activitats de conscienciaci\u00f3 sobre de quina manera la realitat socioecon\u00f2mica mundial afecta l&#8217;acc\u00e9s a l&#8217;alimentaci\u00f3 i una visita a l&#8217;hospital de campanya de Santa Anna, on van poder experimentar de primera m\u00e0 la tasca de voluntariat que s&#8217;hi duu a terme i la funci\u00f3 que t\u00e9 l&#8217;espai com a menjador social.<\/p>\n<p><a href=\"https:\/\/agora.xtec.cat\/iespauclaris\/general\/el-projecte-veu-i-brot-aterra-a-3r-deso\/attachment\/1675775355347quadrada-2\/\" rel=\"attachment wp-att-3874\"><img loading=\"lazy\" decoding=\"async\" class=\"size-thumbnail wp-image-3874 alignleft\" src=\"https:\/\/agora.xtec.cat\/iespauclaris\/wp-content\/uploads\/usu835\/2023\/02\/1675775355347quadrada-2-150x150.jpg\" alt=\"\" width=\"150\" height=\"150\" srcset=\"https:\/\/agora.xtec.cat\/iespauclaris\/wp-content\/uploads\/usu835\/2023\/02\/1675775355347quadrada-2-150x150.jpg 150w, https:\/\/agora.xtec.cat\/iespauclaris\/wp-content\/uploads\/usu835\/2023\/02\/1675775355347quadrada-2-300x300.jpg 300w, https:\/\/agora.xtec.cat\/iespauclaris\/wp-content\/uploads\/usu835\/2023\/02\/1675775355347quadrada-2-1024x1024.jpg 1024w, https:\/\/agora.xtec.cat\/iespauclaris\/wp-content\/uploads\/usu835\/2023\/02\/1675775355347quadrada-2-768x768.jpg 768w, https:\/\/agora.xtec.cat\/iespauclaris\/wp-content\/uploads\/usu835\/2023\/02\/1675775355347quadrada-2.jpg 1496w\" sizes=\"auto, (max-width: 150px) 100vw, 150px\" \/><\/a><a href=\"https:\/\/agora.xtec.cat\/iespauclaris\/general\/el-projecte-veu-i-brot-aterra-a-3r-deso\/attachment\/1675775355331panoramica\/\" rel=\"attachment wp-att-3871\"><img loading=\"lazy\" decoding=\"async\" class=\"size-thumbnail wp-image-3871 alignleft\" src=\"https:\/\/agora.xtec.cat\/iespauclaris\/wp-content\/uploads\/usu835\/2023\/02\/1675775355331panoramica-150x150.jpg\" alt=\"\" width=\"150\" height=\"150\" \/><\/a><\/p>\n","protected":false},"excerpt":{"rendered":"<p>Aquest segon trimestre l&#8217;alumnat de 3r d&#8217;ESO est\u00e0 duent a terme, a les sessions de l&#8217;assignatura de FUP, el projecte Veu i Brot. Es tracta d&#8217;una proposta d&#8217;aprenentatge i servei comunitari de la Fundaci\u00f3 Adsis basada en la sobirania aliment\u00e0ria i la dieta saludable. En&hellip;  <a href=\"https:\/\/agora.xtec.cat\/iespauclaris\/general\/el-projecte-veu-i-brot-aterra-a-3r-deso\/\" title=\"Read El projecte Veu i Brot aterra a 3r\">Llegeix m\u00e9s\u00bb<\/a><\/p>\n","protected":false},"author":1,"featured_media":3871,"comment_status":"closed","ping_status":"closed","sticky":false,"template":"","format":"standard","meta":{"_bbp_topic_count":0,"_bbp_reply_count":0,"_bbp_total_topic_count":0,"_bbp_total_reply_count":0,"_bbp_voice_count":0,"_bbp_anonymous_reply_count":0,"_bbp_topic_count_hidden":0,"_bbp_reply_count_hidden":0,"_bbp_forum_subforum_count":0,"footnotes":""},"categories":[1,29],"tags":[],"class_list":["post-3864","post","type-post","status-publish","format-standard","has-post-thumbnail","hentry","category-general","category-portada"],"post_mailing_queue_ids":[],"_links":{"self":[{"href":"https:\/\/agora.xtec.cat\/iespauclaris\/wp-json\/wp\/v2\/posts\/3864","targetHints":{"allow":["GET"]}}],"collection":[{"href":"https:\/\/agora.xtec.cat\/iespauclaris\/wp-json\/wp\/v2\/posts"}],"about":[{"href":"https:\/\/agora.xtec.cat\/iespauclaris\/wp-json\/wp\/v2\/types\/post"}],"author":[{"embeddable":true,"href":"https:\/\/agora.xtec.cat\/iespauclaris\/wp-json\/wp\/v2\/users\/1"}],"replies":[{"embeddable":true,"href":"https:\/\/agora.xtec.cat\/iespauclaris\/wp-json\/wp\/v2\/comments?post=3864"}],"version-history":[{"count":3,"href":"https:\/\/agora.xtec.cat\/iespauclaris\/wp-json\/wp\/v2\/posts\/3864\/revisions"}],"predecessor-version":[{"id":3881,"href":"https:\/\/agora.xtec.cat\/iespauclaris\/wp-json\/wp\/v2\/posts\/3864\/revisions\/3881"}],"wp:featuredmedia":[{"embeddable":true,"href":"https:\/\/agora.xtec.cat\/iespauclaris\/wp-json\/wp\/v2\/media\/3871"}],"wp:attachment":[{"href":"https:\/\/agora.xtec.cat\/iespauclaris\/wp-json\/wp\/v2\/media?parent=3864"}],"wp:term":[{"taxonomy":"category","embeddable":true,"href":"https:\/\/agora.xtec.cat\/iespauclaris\/wp-json\/wp\/v2\/categories?post=3864"},{"taxonomy":"post_tag","embeddable":true,"href":"https:\/\/agora.xtec.cat\/iespauclaris\/wp-json\/wp\/v2\/tags?post=3864"}],"curies":[{"name":"wp","href":"https:\/\/api.w.org\/{rel}","templated":true}]}}