{"id":3825,"date":"2023-02-01T16:15:04","date_gmt":"2023-02-01T15:15:04","guid":{"rendered":"https:\/\/agora.xtec.cat\/iespauclaris\/?p=3825"},"modified":"2023-02-01T18:08:54","modified_gmt":"2023-02-01T17:08:54","slug":"visitem-la-cooperativa-ecos","status":"publish","type":"post","link":"https:\/\/agora.xtec.cat\/iespauclaris\/general\/visitem-la-cooperativa-ecos\/","title":{"rendered":"Visitem la cooperativa ECOS"},"content":{"rendered":"<p>La setmana passada, l&#8217;alumnat de 4t d&#8217;ESO de l\u2019optativa de FOPP (formaci\u00f3 i orientaci\u00f3 personal i professional) vam visitar la cooperativa <a href=\"https:\/\/grupecos.coop\/\">ECOS<\/a>, on ens van explicat qu\u00e8 \u00e9s el cooperativisme i els seus valors fonamentals, els quals vetllen per una sortida laboral \u00e8tica i sostenible.<\/p>\n<p><a href=\"https:\/\/agora.xtec.cat\/iespauclaris\/general\/visitem-la-cooperativa-ecos\/attachment\/image311\/\" rel=\"attachment wp-att-3826\"><img loading=\"lazy\" decoding=\"async\" class=\"alignnone size-thumbnail wp-image-3826\" src=\"https:\/\/agora.xtec.cat\/iespauclaris\/wp-content\/uploads\/usu835\/2023\/02\/image311-150x150.jpeg\" alt=\"\" width=\"150\" height=\"150\" \/><\/a><\/p>\n","protected":false},"excerpt":{"rendered":"<p>La setmana passada, l&#8217;alumnat de 4t d&#8217;ESO de l\u2019optativa de FOPP (formaci\u00f3 i orientaci\u00f3 personal i professional) vam visitar la cooperativa <a href=\"https:\/\/grupecos.coop\/\">ECOS<\/a>, on ens van explicat qu\u00e8 \u00e9s el cooperativisme i els seus valors fonamentals, els quals vetllen per una sortida laboral \u00e8tica i&hellip;  <a href=\"https:\/\/agora.xtec.cat\/iespauclaris\/general\/visitem-la-cooperativa-ecos\/\" title=\"Read Visitem la cooperativa ECOS\">Llegeix m\u00e9s\u00bb<\/a><\/p>\n","protected":false},"author":1,"featured_media":3829,"comment_status":"closed","ping_status":"closed","sticky":false,"template":"","format":"standard","meta":{"_bbp_topic_count":0,"_bbp_reply_count":0,"_bbp_total_topic_count":0,"_bbp_total_reply_count":0,"_bbp_voice_count":0,"_bbp_anonymous_reply_count":0,"_bbp_topic_count_hidden":0,"_bbp_reply_count_hidden":0,"_bbp_forum_subforum_count":0,"footnotes":""},"categories":[1,29],"tags":[],"class_list":["post-3825","post","type-post","status-publish","format-standard","has-post-thumbnail","hentry","category-general","category-portada"],"post_mailing_queue_ids":[],"_links":{"self":[{"href":"https:\/\/agora.xtec.cat\/iespauclaris\/wp-json\/wp\/v2\/posts\/3825","targetHints":{"allow":["GET"]}}],"collection":[{"href":"https:\/\/agora.xtec.cat\/iespauclaris\/wp-json\/wp\/v2\/posts"}],"about":[{"href":"https:\/\/agora.xtec.cat\/iespauclaris\/wp-json\/wp\/v2\/types\/post"}],"author":[{"embeddable":true,"href":"https:\/\/agora.xtec.cat\/iespauclaris\/wp-json\/wp\/v2\/users\/1"}],"replies":[{"embeddable":true,"href":"https:\/\/agora.xtec.cat\/iespauclaris\/wp-json\/wp\/v2\/comments?post=3825"}],"version-history":[{"count":3,"href":"https:\/\/agora.xtec.cat\/iespauclaris\/wp-json\/wp\/v2\/posts\/3825\/revisions"}],"predecessor-version":[{"id":3843,"href":"https:\/\/agora.xtec.cat\/iespauclaris\/wp-json\/wp\/v2\/posts\/3825\/revisions\/3843"}],"wp:featuredmedia":[{"embeddable":true,"href":"https:\/\/agora.xtec.cat\/iespauclaris\/wp-json\/wp\/v2\/media\/3829"}],"wp:attachment":[{"href":"https:\/\/agora.xtec.cat\/iespauclaris\/wp-json\/wp\/v2\/media?parent=3825"}],"wp:term":[{"taxonomy":"category","embeddable":true,"href":"https:\/\/agora.xtec.cat\/iespauclaris\/wp-json\/wp\/v2\/categories?post=3825"},{"taxonomy":"post_tag","embeddable":true,"href":"https:\/\/agora.xtec.cat\/iespauclaris\/wp-json\/wp\/v2\/tags?post=3825"}],"curies":[{"name":"wp","href":"https:\/\/api.w.org\/{rel}","templated":true}]}}