{"id":3737,"date":"2023-01-20T14:10:35","date_gmt":"2023-01-20T13:10:35","guid":{"rendered":"https:\/\/agora.xtec.cat\/iespauclaris\/?p=3737"},"modified":"2023-02-01T17:04:39","modified_gmt":"2023-02-01T16:04:39","slug":"la-copa-cangur-al-pau-claris","status":"publish","type":"post","link":"https:\/\/agora.xtec.cat\/iespauclaris\/general\/la-copa-cangur-al-pau-claris\/","title":{"rendered":"Copa Cangur al Pau Claris"},"content":{"rendered":"<p>El dia 19 de gener v\u00e0rem ser seu de la Copa Cangur, un concurs de resoluci\u00f3 de problemes en equips, organitzat per la Societat Catalana de Matem\u00e0tiques.<\/p>\n<p>Vam rebre participants de 7 centres de secund\u00e0ria; l\u2019Institut Badalona VII, Institut Jaume Balmes, Lestonnac, Institut Pr\u00edncep de Viana, Institut Thalassa, INS Manuel V\u00e1zquez Montalb\u00e1n i FEDAC Horta.<\/p>\n<p>P\u00fablic i participants vam poder gaudir d\u2019una emocionant jornada que va conduir l\u2019equip cadet (1r i 2n d\u2019ESO) de l\u2019institut Pr\u00edncep de Viana i l\u2019equip junior (3r i 4t d\u2019ESO) de Lestonnac a la fase final, com a guanyadors de la fase inicial.<\/p>\n<p>Felicitem a tots els participants i especialment a l\u2019equip junior del Pau Claris que ho va tenir a tocar aconseguint la <b>2a posici\u00f3<\/b> i, per sobre de tot, us animem a seguir gaudint de les Matem\u00e0tiques!<\/p>\n<p><a href=\"https:\/\/agora.xtec.cat\/iespauclaris\/?attachment_id=3741\" rel=\"attachment wp-att-3741\"><img loading=\"lazy\" decoding=\"async\" class=\"alignnone size-thumbnail wp-image-3741\" src=\"https:\/\/agora.xtec.cat\/iespauclaris\/wp-content\/uploads\/usu835\/2023\/01\/IMG_64251-150x150.jpg\" alt=\"\" width=\"150\" height=\"150\" \/><\/a>\u00a0 <a href=\"https:\/\/agora.xtec.cat\/iespauclaris\/general\/la-copa-cangur-al-pau-claris\/attachment\/equips1\/\" rel=\"attachment wp-att-3738\"><img loading=\"lazy\" decoding=\"async\" class=\"alignnone size-thumbnail wp-image-3738\" src=\"https:\/\/agora.xtec.cat\/iespauclaris\/wp-content\/uploads\/usu835\/2023\/01\/equips1-150x150.jpg\" alt=\"\" width=\"150\" height=\"150\" \/><\/a><\/p>\n<p>&nbsp;<\/p>\n","protected":false},"excerpt":{"rendered":"<p>El dia 19 de gener v\u00e0rem ser seu de la Copa Cangur, un concurs de resoluci\u00f3 de problemes en equips, organitzat per la Societat Catalana de Matem\u00e0tiques.<br \/>\nVam rebre participants de 7 centres de secund\u00e0ria; l\u2019Institut Badalona VII, Institut Jaume Balmes, Lestonnac, Institut Pr\u00edncep de Viana,&hellip;  <a href=\"https:\/\/agora.xtec.cat\/iespauclaris\/general\/la-copa-cangur-al-pau-claris\/\" title=\"Read Copa Cangur al Pau Claris\">Llegeix m\u00e9s\u00bb<\/a><\/p>\n","protected":false},"author":1,"featured_media":3739,"comment_status":"closed","ping_status":"closed","sticky":false,"template":"","format":"standard","meta":{"_bbp_topic_count":0,"_bbp_reply_count":0,"_bbp_total_topic_count":0,"_bbp_total_reply_count":0,"_bbp_voice_count":0,"_bbp_anonymous_reply_count":0,"_bbp_topic_count_hidden":0,"_bbp_reply_count_hidden":0,"_bbp_forum_subforum_count":0,"footnotes":""},"categories":[1,29],"tags":[],"class_list":["post-3737","post","type-post","status-publish","format-standard","has-post-thumbnail","hentry","category-general","category-portada"],"post_mailing_queue_ids":[],"_links":{"self":[{"href":"https:\/\/agora.xtec.cat\/iespauclaris\/wp-json\/wp\/v2\/posts\/3737","targetHints":{"allow":["GET"]}}],"collection":[{"href":"https:\/\/agora.xtec.cat\/iespauclaris\/wp-json\/wp\/v2\/posts"}],"about":[{"href":"https:\/\/agora.xtec.cat\/iespauclaris\/wp-json\/wp\/v2\/types\/post"}],"author":[{"embeddable":true,"href":"https:\/\/agora.xtec.cat\/iespauclaris\/wp-json\/wp\/v2\/users\/1"}],"replies":[{"embeddable":true,"href":"https:\/\/agora.xtec.cat\/iespauclaris\/wp-json\/wp\/v2\/comments?post=3737"}],"version-history":[{"count":3,"href":"https:\/\/agora.xtec.cat\/iespauclaris\/wp-json\/wp\/v2\/posts\/3737\/revisions"}],"predecessor-version":[{"id":3831,"href":"https:\/\/agora.xtec.cat\/iespauclaris\/wp-json\/wp\/v2\/posts\/3737\/revisions\/3831"}],"wp:featuredmedia":[{"embeddable":true,"href":"https:\/\/agora.xtec.cat\/iespauclaris\/wp-json\/wp\/v2\/media\/3739"}],"wp:attachment":[{"href":"https:\/\/agora.xtec.cat\/iespauclaris\/wp-json\/wp\/v2\/media?parent=3737"}],"wp:term":[{"taxonomy":"category","embeddable":true,"href":"https:\/\/agora.xtec.cat\/iespauclaris\/wp-json\/wp\/v2\/categories?post=3737"},{"taxonomy":"post_tag","embeddable":true,"href":"https:\/\/agora.xtec.cat\/iespauclaris\/wp-json\/wp\/v2\/tags?post=3737"}],"curies":[{"name":"wp","href":"https:\/\/api.w.org\/{rel}","templated":true}]}}