{"id":3731,"date":"2023-01-17T14:34:32","date_gmt":"2023-01-17T13:34:32","guid":{"rendered":"https:\/\/agora.xtec.cat\/iespauclaris\/?p=3731"},"modified":"2023-02-02T17:36:49","modified_gmt":"2023-02-02T16:36:49","slug":"benvinguda-mathea","status":"publish","type":"post","link":"https:\/\/agora.xtec.cat\/iespauclaris\/general\/benvinguda-mathea\/","title":{"rendered":"Benvinguda, Mathea!"},"content":{"rendered":"<p><span class=\"css-901oao css-16my406 r-poiln3 r-bcqeeo r-qvutc0\">Aquesta setmana ha arribat la Mathea, l&#8217;alumna de 4t d&#8217;ESO de l\u2019institut Spjelkavik Ungdomsskole d&#8217;\u00c5lesund. Estar\u00e0 al centre fins al mar\u00e7 gr\u00e0cies al programa Erasmus+. <\/span>L&#8217;objectiu de la seva estada \u00e9s con\u00e8ixer la cultura, les lleng\u00fces, i treballar les compet\u00e8ncies personal i social. Iniciem aix\u00ed, les estades de llarga durada d\u2019intercanvi d\u2019alumnes amb Noruega.\u00a0<span class=\"css-901oao css-16my406 r-poiln3 r-bcqeeo r-qvutc0\">Velkommen!<\/span>\u00a0<span class=\"r-18u37iz\"><a class=\"css-4rbku5 css-18t94o4 css-901oao css-16my406 r-1cvl2hr r-1loqt21 r-poiln3 r-bcqeeo r-qvutc0\" dir=\"ltr\" role=\"link\" href=\"https:\/\/twitter.com\/hashtag\/ErasmusPlus?src=hashtag_click\">#ErasmusPlus<\/a><\/span><\/p>\n<p><a href=\"https:\/\/agora.xtec.cat\/iespauclaris\/?attachment_id=3734\" rel=\"Benvinguda al centre\"><img loading=\"lazy\" decoding=\"async\" class=\"alignnone wp-image-3734 size-thumbnail\" src=\"https:\/\/agora.xtec.cat\/iespauclaris\/wp-content\/uploads\/usu835\/2023\/01\/72324f40-6f89-41d9-a5c0-165a85dfeff4-1-150x150.jpg\" alt=\"\" width=\"150\" height=\"150\" \/><\/a> <a href=\"https:\/\/agora.xtec.cat\/iespauclaris\/?attachment_id=3735\" rel=\"Amb el seu grup de 4t\"><img loading=\"lazy\" decoding=\"async\" class=\"alignnone wp-image-3735 size-thumbnail\" src=\"https:\/\/agora.xtec.cat\/iespauclaris\/wp-content\/uploads\/usu835\/2023\/01\/6220d62f-25d4-4c21-a283-3b8a2569c382-1-150x150.jpg\" alt=\"\" width=\"150\" height=\"150\" \/><\/a><\/p>\n","protected":false},"excerpt":{"rendered":"<p>Aquesta setmana ha arribat la Mathea, l&#8217;alumna de 4t d&#8217;ESO de l\u2019institut Spjelkavik Ungdomsskole d&#8217;\u00c5lesund. Estar\u00e0 al centre fins al mar\u00e7 gr\u00e0cies al programa Erasmus+. L&#8217;objectiu de la seva estada \u00e9s con\u00e8ixer la cultura, les lleng\u00fces, i treballar les compet\u00e8ncies personal i social. Iniciem aix\u00ed,&hellip;  <a href=\"https:\/\/agora.xtec.cat\/iespauclaris\/general\/benvinguda-mathea\/\" title=\"Read Benvinguda, Mathea!\">Llegeix m\u00e9s\u00bb<\/a><\/p>\n","protected":false},"author":1,"featured_media":3735,"comment_status":"closed","ping_status":"closed","sticky":false,"template":"","format":"standard","meta":{"_bbp_topic_count":0,"_bbp_reply_count":0,"_bbp_total_topic_count":0,"_bbp_total_reply_count":0,"_bbp_voice_count":0,"_bbp_anonymous_reply_count":0,"_bbp_topic_count_hidden":0,"_bbp_reply_count_hidden":0,"_bbp_forum_subforum_count":0,"footnotes":""},"categories":[1,29],"tags":[],"class_list":["post-3731","post","type-post","status-publish","format-standard","has-post-thumbnail","hentry","category-general","category-portada"],"post_mailing_queue_ids":[],"_links":{"self":[{"href":"https:\/\/agora.xtec.cat\/iespauclaris\/wp-json\/wp\/v2\/posts\/3731","targetHints":{"allow":["GET"]}}],"collection":[{"href":"https:\/\/agora.xtec.cat\/iespauclaris\/wp-json\/wp\/v2\/posts"}],"about":[{"href":"https:\/\/agora.xtec.cat\/iespauclaris\/wp-json\/wp\/v2\/types\/post"}],"author":[{"embeddable":true,"href":"https:\/\/agora.xtec.cat\/iespauclaris\/wp-json\/wp\/v2\/users\/1"}],"replies":[{"embeddable":true,"href":"https:\/\/agora.xtec.cat\/iespauclaris\/wp-json\/wp\/v2\/comments?post=3731"}],"version-history":[{"count":3,"href":"https:\/\/agora.xtec.cat\/iespauclaris\/wp-json\/wp\/v2\/posts\/3731\/revisions"}],"predecessor-version":[{"id":3848,"href":"https:\/\/agora.xtec.cat\/iespauclaris\/wp-json\/wp\/v2\/posts\/3731\/revisions\/3848"}],"wp:featuredmedia":[{"embeddable":true,"href":"https:\/\/agora.xtec.cat\/iespauclaris\/wp-json\/wp\/v2\/media\/3735"}],"wp:attachment":[{"href":"https:\/\/agora.xtec.cat\/iespauclaris\/wp-json\/wp\/v2\/media?parent=3731"}],"wp:term":[{"taxonomy":"category","embeddable":true,"href":"https:\/\/agora.xtec.cat\/iespauclaris\/wp-json\/wp\/v2\/categories?post=3731"},{"taxonomy":"post_tag","embeddable":true,"href":"https:\/\/agora.xtec.cat\/iespauclaris\/wp-json\/wp\/v2\/tags?post=3731"}],"curies":[{"name":"wp","href":"https:\/\/api.w.org\/{rel}","templated":true}]}}