{"id":3723,"date":"2023-01-11T13:57:53","date_gmt":"2023-01-11T12:57:53","guid":{"rendered":"https:\/\/agora.xtec.cat\/iespauclaris\/?p=3723"},"modified":"2023-02-02T17:35:41","modified_gmt":"2023-02-02T16:35:41","slug":"intercanvi-viena-barcelona","status":"publish","type":"post","link":"https:\/\/agora.xtec.cat\/iespauclaris\/general\/intercanvi-viena-barcelona\/","title":{"rendered":"Intercanvi Viena-Barcelona"},"content":{"rendered":"<p>El dia 12 de desembre l&#8217;alumnat de 2n de batxillerat va marxar d&#8217;intercanvi a Viena amb l&#8217;institut GRG Frankistrasse 26. Va ser una experi\u00e8ncia cultural fant\u00e0stica i l&#8217;intercanvi va ser un \u00e8xit. Ara esperem amb candeletes que arribi el mar\u00e7 on tindrem l&#8217;oportunitat de retrobar-nos a Barcelona.<\/p>\n<p><a href=\"https:\/\/agora.xtec.cat\/iespauclaris\/general\/intercanvi-viena-barcelona\/attachment\/img-1158\/\" rel=\"attachment wp-att-3725\"><img loading=\"lazy\" decoding=\"async\" class=\"alignnone wp-image-3725 size-thumbnail\" src=\"https:\/\/agora.xtec.cat\/iespauclaris\/wp-content\/uploads\/usu835\/2023\/01\/IMG-1158-150x150.jpg\" alt=\"\" width=\"150\" height=\"150\" \/><\/a> <a href=\"https:\/\/agora.xtec.cat\/iespauclaris\/general\/intercanvi-viena-barcelona\/attachment\/img-1156\/\" rel=\"attachment wp-att-3726\"><img loading=\"lazy\" decoding=\"async\" class=\"alignnone wp-image-3726 size-thumbnail\" src=\"https:\/\/agora.xtec.cat\/iespauclaris\/wp-content\/uploads\/usu835\/2023\/01\/IMG-1156-150x150.jpg\" alt=\"Pensatius\" width=\"150\" height=\"150\" \/><\/a> <a href=\"https:\/\/agora.xtec.cat\/iespauclaris\/general\/intercanvi-viena-barcelona\/attachment\/b9bb5671-6e19-4eee-9212-3e118914305e\/\" rel=\"attachment wp-att-3727\"><img loading=\"lazy\" decoding=\"async\" class=\"alignnone wp-image-3727 size-thumbnail\" src=\"https:\/\/agora.xtec.cat\/iespauclaris\/wp-content\/uploads\/usu835\/2023\/01\/b9bb5671-6e19-4eee-9212-3e118914305e-150x150.jpg\" alt=\"Tots junts davant EISVOGEL\" width=\"150\" height=\"150\" \/><\/a><\/p>\n","protected":false},"excerpt":{"rendered":"<p>El dia 12 de desembre l&#8217;alumnat de 2n de batxillerat va marxar d&#8217;intercanvi a Viena amb l&#8217;institut GRG Frankistrasse 26. Va ser una experi\u00e8ncia cultural fant\u00e0stica i l&#8217;intercanvi va ser un \u00e8xit. Ara esperem amb candeletes que arribi el mar\u00e7 on tindrem l&#8217;oportunitat de retrobar-nos&hellip;  <a href=\"https:\/\/agora.xtec.cat\/iespauclaris\/general\/intercanvi-viena-barcelona\/\" title=\"Read Intercanvi Viena-Barcelona\">Llegeix m\u00e9s\u00bb<\/a><\/p>\n","protected":false},"author":1,"featured_media":3724,"comment_status":"closed","ping_status":"closed","sticky":false,"template":"","format":"standard","meta":{"_bbp_topic_count":0,"_bbp_reply_count":0,"_bbp_total_topic_count":0,"_bbp_total_reply_count":0,"_bbp_voice_count":0,"_bbp_anonymous_reply_count":0,"_bbp_topic_count_hidden":0,"_bbp_reply_count_hidden":0,"_bbp_forum_subforum_count":0,"footnotes":""},"categories":[1,29],"tags":[],"class_list":["post-3723","post","type-post","status-publish","format-standard","has-post-thumbnail","hentry","category-general","category-portada"],"post_mailing_queue_ids":[],"_links":{"self":[{"href":"https:\/\/agora.xtec.cat\/iespauclaris\/wp-json\/wp\/v2\/posts\/3723","targetHints":{"allow":["GET"]}}],"collection":[{"href":"https:\/\/agora.xtec.cat\/iespauclaris\/wp-json\/wp\/v2\/posts"}],"about":[{"href":"https:\/\/agora.xtec.cat\/iespauclaris\/wp-json\/wp\/v2\/types\/post"}],"author":[{"embeddable":true,"href":"https:\/\/agora.xtec.cat\/iespauclaris\/wp-json\/wp\/v2\/users\/1"}],"replies":[{"embeddable":true,"href":"https:\/\/agora.xtec.cat\/iespauclaris\/wp-json\/wp\/v2\/comments?post=3723"}],"version-history":[{"count":3,"href":"https:\/\/agora.xtec.cat\/iespauclaris\/wp-json\/wp\/v2\/posts\/3723\/revisions"}],"predecessor-version":[{"id":3847,"href":"https:\/\/agora.xtec.cat\/iespauclaris\/wp-json\/wp\/v2\/posts\/3723\/revisions\/3847"}],"wp:featuredmedia":[{"embeddable":true,"href":"https:\/\/agora.xtec.cat\/iespauclaris\/wp-json\/wp\/v2\/media\/3724"}],"wp:attachment":[{"href":"https:\/\/agora.xtec.cat\/iespauclaris\/wp-json\/wp\/v2\/media?parent=3723"}],"wp:term":[{"taxonomy":"category","embeddable":true,"href":"https:\/\/agora.xtec.cat\/iespauclaris\/wp-json\/wp\/v2\/categories?post=3723"},{"taxonomy":"post_tag","embeddable":true,"href":"https:\/\/agora.xtec.cat\/iespauclaris\/wp-json\/wp\/v2\/tags?post=3723"}],"curies":[{"name":"wp","href":"https:\/\/api.w.org\/{rel}","templated":true}]}}