{"id":3684,"date":"2022-12-21T21:43:48","date_gmt":"2022-12-21T20:43:48","guid":{"rendered":"https:\/\/agora.xtec.cat\/iespauclaris\/?p=3684"},"modified":"2023-02-02T17:40:33","modified_gmt":"2023-02-02T16:40:33","slug":"aixi-hem-celebrat-el-nadal","status":"publish","type":"post","link":"https:\/\/agora.xtec.cat\/iespauclaris\/general\/aixi-hem-celebrat-el-nadal\/","title":{"rendered":"Aix\u00ed hem celebrat el Nadal"},"content":{"rendered":"<p>Els \u00faltims dies abans de festes van ser molt intensos a l&#8217;institut. Recapitulem: El dimarts dia 20 a primera hora es va dur a terme a la sala d&#8217;actes un concert d&#8217;una selecci\u00f3 de m\u00fasics joves talents que tenim entre el nostre alumnat. De diferents cursos i edats, amb les seves variades interpretacions van seduir les orelles del p\u00fablic assistent. Tamb\u00e9, durant el mat\u00ed es van ultimar els informes d&#8217;autoavaluaci\u00f3 i els registres d&#8217;evid\u00e8ncies de la feina feta.<\/p>\n<p><a href=\"https:\/\/agora.xtec.cat\/iespauclaris\/general\/aixi-hem-celebrat-el-nadal\/attachment\/16716532132651\/\" rel=\"attachment wp-att-3689\"><img loading=\"lazy\" decoding=\"async\" class=\"alignnone wp-image-3689 size-thumbnail\" src=\"https:\/\/agora.xtec.cat\/iespauclaris\/wp-content\/uploads\/usu835\/2022\/12\/16716532132651-150x150.jpg\" alt=\"Concert #1\" width=\"150\" height=\"150\" \/><\/a> <a href=\"https:\/\/agora.xtec.cat\/iespauclaris\/general\/aixi-hem-celebrat-el-nadal\/attachment\/16716507753151\/\" rel=\"attachment wp-att-3690\"><img loading=\"lazy\" decoding=\"async\" class=\"alignnone wp-image-3690 size-thumbnail\" src=\"https:\/\/agora.xtec.cat\/iespauclaris\/wp-content\/uploads\/usu835\/2022\/12\/16716507753151-150x150.jpg\" alt=\"Concert #2\" width=\"150\" height=\"150\" \/><\/a><\/p>\n<p>Despr\u00e9s del pati es va dur a terme a la mateixa sala d&#8217;actes el primer congr\u00e9s cient\u00edfic de batxillerat. En aquest espai els alumnes de 2n de batxillerat van poder mostrar els seus treballs de recerca finalitzats en format p\u00f2ster al professorat, alumnat de l&#8217;ESO i fam\u00edlies que van voler compartir aquell moment tan especial. Va ser tot un \u00e8xit i es va poder observar l&#8217;alt nivell de la gran majoria de treballs presentats, aix\u00ed com la facilitat i vigorositat amb qu\u00e8\u00a0els i les alumnes s&#8217;enfrontaven sense problemes a explicar una vegada i una altra la seva recerca. Tothom va acabar molt content de la jornada!<br \/>\n<a href=\"https:\/\/agora.xtec.cat\/iespauclaris\/general\/aixi-hem-celebrat-el-nadal\/attachment\/img_6173\/\" rel=\"attachment wp-att-3685\"><img loading=\"lazy\" decoding=\"async\" class=\"alignnone wp-image-3685 size-thumbnail\" src=\"https:\/\/agora.xtec.cat\/iespauclaris\/wp-content\/uploads\/usu835\/2022\/12\/IMG_6173-150x150.jpg\" alt=\"\" width=\"150\" height=\"150\" \/><\/a> <a href=\"https:\/\/agora.xtec.cat\/iespauclaris\/general\/aixi-hem-celebrat-el-nadal\/attachment\/img_61861\/\" rel=\"attachment wp-att-3686\"><img loading=\"lazy\" decoding=\"async\" class=\"alignnone wp-image-3686 size-thumbnail\" src=\"https:\/\/agora.xtec.cat\/iespauclaris\/wp-content\/uploads\/usu835\/2022\/12\/IMG_61861-150x150.jpg\" alt=\"\" width=\"150\" height=\"150\" \/><\/a><br \/>\nDimecres 21 la cosa va anar aix\u00ed. Al mat\u00ed va tornar a sonar la m\u00fasica en aquest cas de part de cors nombrosos en motiu del concert de Nadal dirigit per la Cristina Colomer de l&#8217;escola de m\u00fasics.<\/p>\n<p><a href=\"https:\/\/agora.xtec.cat\/iespauclaris\/general\/aixi-hem-celebrat-el-nadal\/attachment\/img_6216\/\" rel=\"attachment wp-att-3691\"> \u00a0 <\/a><a href=\"https:\/\/agora.xtec.cat\/iespauclaris\/general\/aixi-hem-celebrat-el-nadal\/attachment\/img_6216\/\" rel=\"attachment wp-att-3691\"><img loading=\"lazy\" decoding=\"async\" class=\"alignnone wp-image-3691 size-thumbnail\" src=\"https:\/\/agora.xtec.cat\/iespauclaris\/wp-content\/uploads\/usu835\/2022\/12\/IMG_6216-150x150.jpg\" alt=\"\" width=\"150\" height=\"150\" \/><\/a><a href=\"https:\/\/agora.xtec.cat\/iespauclaris\/general\/aixi-hem-celebrat-el-nadal\/attachment\/img_6234\/\" rel=\"attachment wp-att-3692\">\u00a0\u00a0 <\/a><a href=\"https:\/\/agora.xtec.cat\/iespauclaris\/general\/aixi-hem-celebrat-el-nadal\/attachment\/img_6234\/\" rel=\"attachment wp-att-3692\"><img loading=\"lazy\" decoding=\"async\" class=\"alignnone wp-image-3692 size-thumbnail\" src=\"https:\/\/agora.xtec.cat\/iespauclaris\/wp-content\/uploads\/usu835\/2022\/12\/IMG_6234-150x150.jpg\" alt=\"\" width=\"150\" height=\"150\" \/><\/a><a href=\"https:\/\/agora.xtec.cat\/iespauclaris\/general\/aixi-hem-celebrat-el-nadal\/attachment\/img_6231\/\" rel=\"attachment wp-att-3693\"> <img loading=\"lazy\" decoding=\"async\" class=\"alignnone wp-image-3693 size-thumbnail\" src=\"https:\/\/agora.xtec.cat\/iespauclaris\/wp-content\/uploads\/usu835\/2022\/12\/IMG_6231-150x150.jpg\" alt=\"\" width=\"150\" height=\"150\" \/><\/a><a href=\"https:\/\/agora.xtec.cat\/iespauclaris\/general\/aixi-hem-celebrat-el-nadal\/attachment\/img_6218\/\" rel=\"attachment wp-att-3694\"> <img loading=\"lazy\" decoding=\"async\" class=\"alignnone wp-image-3694 size-thumbnail\" src=\"https:\/\/agora.xtec.cat\/iespauclaris\/wp-content\/uploads\/usu835\/2022\/12\/IMG_6218-150x150.jpg\" alt=\"\" width=\"150\" height=\"150\" \/><\/a><\/p>\n<p>Acompanyant les veus vam tenir el privilegi de comptar amb els instrumentistes de projecte musical. A continuaci\u00f3, al pati i com marca la tradici\u00f3 cada grup va fer cagar el ti\u00f3 i en va recollir recompenses en forma de xocolata! Per acabar diverses classes v<span class=\"hiddenGrammarError\">an<\/span> celebrar el tamb\u00e9 insubstitu\u00efble amic invisible entre els companys.<\/p>\n<p><a href=\"https:\/\/agora.xtec.cat\/iespauclaris\/general\/aixi-hem-celebrat-el-nadal\/attachment\/img_6246\/\" rel=\"attachment wp-att-3695\"><img loading=\"lazy\" decoding=\"async\" class=\"alignnone wp-image-3695 size-thumbnail\" src=\"https:\/\/agora.xtec.cat\/iespauclaris\/wp-content\/uploads\/usu835\/2022\/12\/IMG_6246-150x150.jpg\" alt=\"\" width=\"150\" height=\"150\" \/><\/a><a href=\"https:\/\/agora.xtec.cat\/iespauclaris\/general\/aixi-hem-celebrat-el-nadal\/attachment\/img_6266\/\" rel=\"attachment wp-att-3696\"> <img loading=\"lazy\" decoding=\"async\" class=\"alignnone wp-image-3696 size-thumbnail\" src=\"https:\/\/agora.xtec.cat\/iespauclaris\/wp-content\/uploads\/usu835\/2022\/12\/IMG_6266-150x150.jpg\" alt=\"\" width=\"150\" height=\"150\" \/><\/a><\/p>\n<p>En definitiva, van ser dos dies molt gratificants on es va combinar l&#8217;art, la m\u00fasica, la recerca i la companyia per acomiadar el 2022 de la millor manera possible i encomanar-nos a un 2023 que segur que ser\u00e0 millor!\u00a0En el seg\u00fcent <a href=\"https:\/\/drive.google.com\/drive\/folders\/1QE92wlKAbaadrJNkldy0vAIUCHeou8Vy?usp=share_link\">enlla\u00e7<\/a> trobareu alguns dels v\u00eddeos que es van fer del concert de Nadal.\u00a0Molt bones festes a tothom i fins ben aviat!<\/p>\n<p>&nbsp;<\/p>\n","protected":false},"excerpt":{"rendered":"<p>Els \u00faltims dies abans de festes van ser molt intensos a l&#8217;institut. Recapitulem: El dimarts dia 20 a primera hora es va dur a terme a la sala d&#8217;actes un concert d&#8217;una selecci\u00f3 de m\u00fasics joves talents que tenim entre el nostre alumnat. De diferents&hellip;  <a href=\"https:\/\/agora.xtec.cat\/iespauclaris\/general\/aixi-hem-celebrat-el-nadal\/\" title=\"Read Aix\u00ed hem celebrat el Nadal\">Llegeix m\u00e9s\u00bb<\/a><\/p>\n","protected":false},"author":1,"featured_media":3699,"comment_status":"closed","ping_status":"closed","sticky":false,"template":"","format":"standard","meta":{"_bbp_topic_count":0,"_bbp_reply_count":0,"_bbp_total_topic_count":0,"_bbp_total_reply_count":0,"_bbp_voice_count":0,"_bbp_anonymous_reply_count":0,"_bbp_topic_count_hidden":0,"_bbp_reply_count_hidden":0,"_bbp_forum_subforum_count":0,"footnotes":""},"categories":[1,29],"tags":[],"class_list":["post-3684","post","type-post","status-publish","format-standard","has-post-thumbnail","hentry","category-general","category-portada"],"post_mailing_queue_ids":[],"_links":{"self":[{"href":"https:\/\/agora.xtec.cat\/iespauclaris\/wp-json\/wp\/v2\/posts\/3684","targetHints":{"allow":["GET"]}}],"collection":[{"href":"https:\/\/agora.xtec.cat\/iespauclaris\/wp-json\/wp\/v2\/posts"}],"about":[{"href":"https:\/\/agora.xtec.cat\/iespauclaris\/wp-json\/wp\/v2\/types\/post"}],"author":[{"embeddable":true,"href":"https:\/\/agora.xtec.cat\/iespauclaris\/wp-json\/wp\/v2\/users\/1"}],"replies":[{"embeddable":true,"href":"https:\/\/agora.xtec.cat\/iespauclaris\/wp-json\/wp\/v2\/comments?post=3684"}],"version-history":[{"count":3,"href":"https:\/\/agora.xtec.cat\/iespauclaris\/wp-json\/wp\/v2\/posts\/3684\/revisions"}],"predecessor-version":[{"id":3849,"href":"https:\/\/agora.xtec.cat\/iespauclaris\/wp-json\/wp\/v2\/posts\/3684\/revisions\/3849"}],"wp:featuredmedia":[{"embeddable":true,"href":"https:\/\/agora.xtec.cat\/iespauclaris\/wp-json\/wp\/v2\/media\/3699"}],"wp:attachment":[{"href":"https:\/\/agora.xtec.cat\/iespauclaris\/wp-json\/wp\/v2\/media?parent=3684"}],"wp:term":[{"taxonomy":"category","embeddable":true,"href":"https:\/\/agora.xtec.cat\/iespauclaris\/wp-json\/wp\/v2\/categories?post=3684"},{"taxonomy":"post_tag","embeddable":true,"href":"https:\/\/agora.xtec.cat\/iespauclaris\/wp-json\/wp\/v2\/tags?post=3684"}],"curies":[{"name":"wp","href":"https:\/\/api.w.org\/{rel}","templated":true}]}}