{"id":3678,"date":"2022-12-12T10:30:41","date_gmt":"2022-12-12T09:30:41","guid":{"rendered":"https:\/\/agora.xtec.cat\/iespauclaris\/?p=3678"},"modified":"2023-02-02T17:41:43","modified_gmt":"2023-02-02T16:41:43","slug":"el-que-faig-ho-aprenc","status":"publish","type":"post","link":"https:\/\/agora.xtec.cat\/iespauclaris\/general\/el-que-faig-ho-aprenc\/","title":{"rendered":"El que faig, ho aprenc!"},"content":{"rendered":"<p>&#8220;El que sento, ho oblido; el que veig, ho recordo; el que faig, ho aprenc\u201d (proverbi xin\u00e8s). Aix\u00ed que a l&#8217;assignatura d&#8217;Hist\u00f2ria de l&#8217;Art de 2n de batxillerat, hem constru\u00eft maquetes dels ordres arquitect\u00f2nics grecs per tal de con\u00e8ixer-los b\u00e9, aprendre les seves proporcions i caracter\u00edstiques decoratives. Els ordres grecs han tingut una gran influ\u00e8ncia al llarg de la hist\u00f2ria de l&#8217;art i s&#8217;han utilitzat com a vocabulari arquitect\u00f2nic en diferents \u00e8poques. Per tant, saber recon\u00e8ixer aquests tres ordres \u00e9s b\u00e0sic per poder comprendre la seva import\u00e0ncia i transcend\u00e8ncia.<\/p>\n<p><a href=\"https:\/\/agora.xtec.cat\/iespauclaris\/general\/el-que-faig-ho-aprenc\/attachment\/1668675908381\/\" rel=\"attachment wp-att-3680\"><img loading=\"lazy\" decoding=\"async\" class=\"alignnone wp-image-3680 size-thumbnail\" src=\"https:\/\/agora.xtec.cat\/iespauclaris\/wp-content\/uploads\/usu835\/2022\/12\/1668675908381-150x150.jpg\" alt=\"\" width=\"150\" height=\"150\" \/><\/a><a href=\"https:\/\/agora.xtec.cat\/iespauclaris\/general\/el-que-faig-ho-aprenc\/attachment\/1668675908489\/\" rel=\"attachment wp-att-3679\"> <img loading=\"lazy\" decoding=\"async\" class=\"alignnone wp-image-3679 size-thumbnail\" src=\"https:\/\/agora.xtec.cat\/iespauclaris\/wp-content\/uploads\/usu835\/2022\/12\/1668675908489-150x150.jpg\" alt=\"\" width=\"150\" height=\"150\" \/><\/a><\/p>\n","protected":false},"excerpt":{"rendered":"<p>&#8220;El que sento, ho oblido; el que veig, ho recordo; el que faig, ho aprenc\u201d (proverbi xin\u00e8s). Aix\u00ed que a l&#8217;assignatura d&#8217;Hist\u00f2ria de l&#8217;Art de 2n de batxillerat, hem constru\u00eft maquetes dels ordres arquitect\u00f2nics grecs per tal de con\u00e8ixer-los b\u00e9, aprendre les seves proporcions i&hellip;  <a href=\"https:\/\/agora.xtec.cat\/iespauclaris\/general\/el-que-faig-ho-aprenc\/\" title=\"Read El que faig, ho aprenc!\">Llegeix m\u00e9s\u00bb<\/a><\/p>\n","protected":false},"author":1,"featured_media":3681,"comment_status":"closed","ping_status":"closed","sticky":false,"template":"","format":"standard","meta":{"_bbp_topic_count":0,"_bbp_reply_count":0,"_bbp_total_topic_count":0,"_bbp_total_reply_count":0,"_bbp_voice_count":0,"_bbp_anonymous_reply_count":0,"_bbp_topic_count_hidden":0,"_bbp_reply_count_hidden":0,"_bbp_forum_subforum_count":0,"footnotes":""},"categories":[1,29],"tags":[],"class_list":["post-3678","post","type-post","status-publish","format-standard","has-post-thumbnail","hentry","category-general","category-portada"],"post_mailing_queue_ids":[],"_links":{"self":[{"href":"https:\/\/agora.xtec.cat\/iespauclaris\/wp-json\/wp\/v2\/posts\/3678","targetHints":{"allow":["GET"]}}],"collection":[{"href":"https:\/\/agora.xtec.cat\/iespauclaris\/wp-json\/wp\/v2\/posts"}],"about":[{"href":"https:\/\/agora.xtec.cat\/iespauclaris\/wp-json\/wp\/v2\/types\/post"}],"author":[{"embeddable":true,"href":"https:\/\/agora.xtec.cat\/iespauclaris\/wp-json\/wp\/v2\/users\/1"}],"replies":[{"embeddable":true,"href":"https:\/\/agora.xtec.cat\/iespauclaris\/wp-json\/wp\/v2\/comments?post=3678"}],"version-history":[{"count":3,"href":"https:\/\/agora.xtec.cat\/iespauclaris\/wp-json\/wp\/v2\/posts\/3678\/revisions"}],"predecessor-version":[{"id":3850,"href":"https:\/\/agora.xtec.cat\/iespauclaris\/wp-json\/wp\/v2\/posts\/3678\/revisions\/3850"}],"wp:featuredmedia":[{"embeddable":true,"href":"https:\/\/agora.xtec.cat\/iespauclaris\/wp-json\/wp\/v2\/media\/3681"}],"wp:attachment":[{"href":"https:\/\/agora.xtec.cat\/iespauclaris\/wp-json\/wp\/v2\/media?parent=3678"}],"wp:term":[{"taxonomy":"category","embeddable":true,"href":"https:\/\/agora.xtec.cat\/iespauclaris\/wp-json\/wp\/v2\/categories?post=3678"},{"taxonomy":"post_tag","embeddable":true,"href":"https:\/\/agora.xtec.cat\/iespauclaris\/wp-json\/wp\/v2\/tags?post=3678"}],"curies":[{"name":"wp","href":"https:\/\/api.w.org\/{rel}","templated":true}]}}