{"id":3647,"date":"2022-11-22T09:49:41","date_gmt":"2022-11-22T08:49:41","guid":{"rendered":"https:\/\/agora.xtec.cat\/iespauclaris\/?p=3647"},"modified":"2022-11-24T20:07:28","modified_gmt":"2022-11-24T19:07:28","slug":"celebrem-la-setmana-de-la-ciencia","status":"publish","type":"post","link":"https:\/\/agora.xtec.cat\/iespauclaris\/general\/celebrem-la-setmana-de-la-ciencia\/","title":{"rendered":"Celebrem la setmana de la ci\u00e8ncia!"},"content":{"rendered":"<p>Aquest passat divendres, l&#8217;alumnat de tots els cursos va participar en un congr\u00e9s cient\u00edfic com a culminaci\u00f3 d&#8217;una setmana de la ci\u00e8ncia enfocada a treballar l&#8217;astronomia des de m\u00faltiples vessants.<\/p>\n<p>Els de primer es van atrevir a representar el\u00a0sistema solar a escala de di\u00e0metres i longitud en 2D partint del Sol, amb l&#8217;objectiu de veure les mides i mesures reals dels planetes i de\u00a0 l&#8217;estrella que formen el sistema solar.<\/p>\n<p><a href=\"https:\/\/agora.xtec.cat\/iespauclaris\/general\/celebrem-la-setmana-de-la-ciencia\/attachment\/1668795553013-1\/\" rel=\"attachment wp-att-3654\"><img loading=\"lazy\" decoding=\"async\" class=\"alignnone size-thumbnail wp-image-3654\" src=\"https:\/\/agora.xtec.cat\/iespauclaris\/wp-content\/uploads\/usu835\/2022\/11\/1668795553013-1-150x150.jpg\" alt=\"\" width=\"150\" height=\"150\" \/>\u00a0\u00a0\u00a0<\/a> <a href=\"https:\/\/agora.xtec.cat\/iespauclaris\/general\/celebrem-la-setmana-de-la-ciencia\/attachment\/1668795553028-1\/\" rel=\"attachment wp-att-3655\"><img loading=\"lazy\" decoding=\"async\" class=\"alignnone size-thumbnail wp-image-3655\" src=\"https:\/\/agora.xtec.cat\/iespauclaris\/wp-content\/uploads\/usu835\/2022\/11\/1668795553028-1-150x150.jpg\" alt=\"\" width=\"150\" height=\"150\" \/><\/a><\/p>\n<p>Els de segon van construir un coet a reacci\u00f3 amb una ampolla de beguda de 2\u202fL per tal que s&#8217;enlair\u00e9s el m\u00e0xim possible, amb la finalitat de comprovar la 3a llei de Newton i v\u00e8ncer la resist\u00e8ncia aerodin\u00e0mica modificant la forma de l&#8217;ampolla. Les ampolles les van omplir amb 500 cm\u00b3 d&#8217;aigua i aire a pressi\u00f3 amb una manxa d&#8217;inflar pilotes.<\/p>\n<p><a href=\"https:\/\/agora.xtec.cat\/iespauclaris\/general\/celebrem-la-setmana-de-la-ciencia\/attachment\/img_5751-1\/\" rel=\"attachment wp-att-3656\"><img loading=\"lazy\" decoding=\"async\" class=\"alignnone size-thumbnail wp-image-3656\" src=\"https:\/\/agora.xtec.cat\/iespauclaris\/wp-content\/uploads\/usu835\/2022\/11\/IMG_5751-1-150x150.jpg\" alt=\"\" width=\"150\" height=\"150\" \/><\/a> <a href=\"https:\/\/agora.xtec.cat\/iespauclaris\/general\/celebrem-la-setmana-de-la-ciencia\/attachment\/img_5749-1\/\" rel=\"attachment wp-att-3657\"><img loading=\"lazy\" decoding=\"async\" class=\"alignnone size-thumbnail wp-image-3657\" src=\"https:\/\/agora.xtec.cat\/iespauclaris\/wp-content\/uploads\/usu835\/2022\/11\/IMG_5749-1-150x150.jpg\" alt=\"\" width=\"150\" height=\"150\" \/><\/a><\/p>\n<p>Els de tercer van proposar un concepte innovador batejat amb el nom de &#8220;p\u00f2ster hum\u00e0&#8221;. Cada alumne duia penjada una pregunta que servia per trencar el gel amb l&#8217;espectador i aix\u00ed iniciar una conversa cient\u00edfica al voltant del lema: &#8220;naixement, vida i mort de les estrelles&#8221;. Durant la setmana s&#8217;havien documentat sobre el tema i hores abans havien rebut l&#8217;apassionant xerrada de l&#8217;astr\u00f2noma doctora en f\u00edsica Carme Jordi, investigadora de l&#8217;Institut d&#8217;Estudis Espacials de Catalunya (IEEC) a l&#8217;Institut de Ci\u00e8ncies del Cosmos de la Universitat de Barcelona (ICCUB).<\/p>\n<p><a href=\"https:\/\/agora.xtec.cat\/iespauclaris\/general\/celebrem-la-setmana-de-la-ciencia\/attachment\/img_5778-1\/\" rel=\"attachment wp-att-3648\"><img loading=\"lazy\" decoding=\"async\" class=\"size-thumbnail wp-image-3648 alignleft\" src=\"https:\/\/agora.xtec.cat\/iespauclaris\/wp-content\/uploads\/usu835\/2022\/11\/IMG_5778-1-150x150.jpg\" alt=\"\" width=\"150\" height=\"150\" \/><\/a><span style=\"color: #2795b6;\"><a style=\"color: #2795b6;\" href=\"https:\/\/agora.xtec.cat\/iespauclaris\/general\/celebrem-la-setmana-de-la-ciencia\/attachment\/img_5740-1\/\" rel=\"attachment wp-att-3649\"><img loading=\"lazy\" decoding=\"async\" class=\"size-thumbnail wp-image-3649 alignleft\" src=\"https:\/\/agora.xtec.cat\/iespauclaris\/wp-content\/uploads\/usu835\/2022\/11\/IMG_5740-1-150x150.jpg\" alt=\"\" width=\"150\" height=\"150\" \/><\/a><\/span><\/p>\n<p>&nbsp;<\/p>\n<p>&nbsp;<\/p>\n<p>&nbsp;<\/p>\n<p>&nbsp;<\/p>\n<p>Els de 4t van treballar la visi\u00f3 de la terra des de l&#8217;espai a trav\u00e9s de diferents fen\u00f2mens naturals lligats, en molts casos, al canvi ambiental (sequeres, incendis, inundacions, erupcions volc\u00e0niques entre d&#8217;altres). Per fer-ho s&#8217;han ajudat de les dades que ens aporta la teledetecci\u00f3 per sat\u00e8l\u00b7lit, concretament les que ens ofereixen els sat\u00e8l\u00b7lits vinculats al programa <a href=\"https:\/\/scihub.copernicus.eu\/\" target=\"_blank\" rel=\"noopener\" data-saferedirecturl=\"https:\/\/www.google.com\/url?q=https:\/\/scihub.copernicus.eu\/&amp;source=gmail&amp;ust=1669119714647000&amp;usg=AOvVaw0Ng5T7QTNb7yAMwjDdo157\">Copernicus<\/a> de l&#8217;Ag\u00e8ncia Espacial Europea. El tractament de les dades s&#8217;ha fet amb l&#8217;aplicaci\u00f3 BOBrowser\u00a0de la mateixa ag\u00e8ncia, d&#8217;acc\u00e9s lliure, que permet filtrar dades (dia d&#8217;observaci\u00f3, bandes espectrals, comparacions)\u00a0 i crear imatges que aporten informaci\u00f3 e il\u00b7lustren els diferents temes tractats. Els casos d&#8217;estudi han perm\u00e8s treballar un fenomen real a trav\u00e9s d&#8217;una font altament tecnol\u00f2gica (els sat\u00e8l\u00b7lits) entenent-ne el funcionament i una de les seves aplicacions.<\/p>\n<p><a href=\"https:\/\/agora.xtec.cat\/iespauclaris\/general\/celebrem-la-setmana-de-la-ciencia\/attachment\/1668795553094-1\/\" rel=\"attachment wp-att-3650\"><img loading=\"lazy\" decoding=\"async\" class=\"alignnone size-thumbnail wp-image-3650\" src=\"https:\/\/agora.xtec.cat\/iespauclaris\/wp-content\/uploads\/usu835\/2022\/11\/1668795553094-1-150x150.jpg\" alt=\"\" width=\"150\" height=\"150\" \/>\u00a0 \u00a0<\/a> <a href=\"https:\/\/agora.xtec.cat\/iespauclaris\/general\/celebrem-la-setmana-de-la-ciencia\/attachment\/1668795553080-1\/\" rel=\"attachment wp-att-3651\"><img loading=\"lazy\" decoding=\"async\" class=\"alignnone size-thumbnail wp-image-3651\" src=\"https:\/\/agora.xtec.cat\/iespauclaris\/wp-content\/uploads\/usu835\/2022\/11\/1668795553080-1-150x150.jpg\" alt=\"\" width=\"150\" height=\"150\" \/><\/a><\/p>\n<p>Els de 1r de batxillerat es van dividir en dos reptes. Per una banda, un grup havia de respondre a la possibilitat que existeixi vida extraterrestre a trav\u00e9s de l&#8217;an\u00e0lisi de materials publicats pel projecte ESERO de l&#8217;Ag\u00e8ncia Espacial Europea, aquesta activitat va consistir a exposar i debatre la possibilitat que existeixi vida fora del Planeta Terra, a observar quines condicions ambientals hauria de suportar i a especular sobre quines formes hi podrien sobreviure a partir de les que coneixem que existeixen en el nostre planeta.<\/p>\n<p>L&#8217;altre grup va mostrar l&#8217;observaci\u00f3 que van fer a trav\u00e9s d&#8217;imatges capturades pel Sentinel 2 de la zona del Delta de l&#8217;Ebre durant el mes de gener del 2020. Amb l&#8217;ajuda de t\u00e8cniques de filtratge d&#8217;imatges van poder extreure informaci\u00f3 sobre la sedimentaci\u00f3 del Delta de l&#8217;Ebre. Amb l&#8217;an\u00e0lisi de la seq\u00fc\u00e8ncia d&#8217;imatges i l&#8217;observaci\u00f3 dels sediments durant aquell mes van poder esbrinar quina cat\u00e0strofe va passar i com despr\u00e9s d&#8217;aquesta la premsa va inundar-nos de falses not\u00edcies sobre el futur del Delta de l&#8217;Ebre.<\/p>\n<p><a href=\"https:\/\/agora.xtec.cat\/iespauclaris\/general\/celebrem-la-setmana-de-la-ciencia\/attachment\/1668795553125-1\/\" rel=\"attachment wp-att-3658\"><img loading=\"lazy\" decoding=\"async\" class=\"alignnone size-thumbnail wp-image-3658\" src=\"https:\/\/agora.xtec.cat\/iespauclaris\/wp-content\/uploads\/usu835\/2022\/11\/1668795553125-1-150x150.jpg\" alt=\"\" width=\"150\" height=\"150\" \/>\u00a0\u00a0\u00a0<\/a> <a href=\"https:\/\/agora.xtec.cat\/iespauclaris\/general\/celebrem-la-setmana-de-la-ciencia\/attachment\/1668795552990-1\/\" rel=\"attachment wp-att-3659\"><img loading=\"lazy\" decoding=\"async\" class=\"alignnone size-thumbnail wp-image-3659\" src=\"https:\/\/agora.xtec.cat\/iespauclaris\/wp-content\/uploads\/usu835\/2022\/11\/1668795552990-1-150x150.jpg\" alt=\"\" width=\"150\" height=\"150\" \/><\/a><\/p>\n<div>Els diferents assistents al congr\u00e9s van votar al finalitzar la visita aquell projecte que els hi va semblar m\u00e9s interessant. L&#8217;activitat va ser tot un \u00e8xit i l&#8217;alumnat en va sortir molt content. Vam tenir l&#8217;oportunitat de celebrar la ci\u00e8ncia entre tots!<\/div>\n<p>&nbsp;<\/p>\n<p>&nbsp;<\/p>\n","protected":false},"excerpt":{"rendered":"<p>Aquest passat divendres, l&#8217;alumnat de tots els cursos va participar en un congr\u00e9s cient\u00edfic com a culminaci\u00f3 d&#8217;una setmana de la ci\u00e8ncia enfocada a treballar l&#8217;astronomia des de m\u00faltiples vessants.<br \/>\nEls de primer es van atrevir a representar el\u00a0sistema solar a escala de di\u00e0metres i longitud&hellip;  <a href=\"https:\/\/agora.xtec.cat\/iespauclaris\/general\/celebrem-la-setmana-de-la-ciencia\/\" title=\"Read Celebrem la setmana de la ci\u00e8ncia!\">Llegeix m\u00e9s\u00bb<\/a><\/p>\n","protected":false},"author":1,"featured_media":3653,"comment_status":"closed","ping_status":"closed","sticky":false,"template":"","format":"standard","meta":{"_bbp_topic_count":0,"_bbp_reply_count":0,"_bbp_total_topic_count":0,"_bbp_total_reply_count":0,"_bbp_voice_count":0,"_bbp_anonymous_reply_count":0,"_bbp_topic_count_hidden":0,"_bbp_reply_count_hidden":0,"_bbp_forum_subforum_count":0,"footnotes":""},"categories":[1,29],"tags":[],"class_list":["post-3647","post","type-post","status-publish","format-standard","has-post-thumbnail","hentry","category-general","category-portada"],"post_mailing_queue_ids":[],"_links":{"self":[{"href":"https:\/\/agora.xtec.cat\/iespauclaris\/wp-json\/wp\/v2\/posts\/3647","targetHints":{"allow":["GET"]}}],"collection":[{"href":"https:\/\/agora.xtec.cat\/iespauclaris\/wp-json\/wp\/v2\/posts"}],"about":[{"href":"https:\/\/agora.xtec.cat\/iespauclaris\/wp-json\/wp\/v2\/types\/post"}],"author":[{"embeddable":true,"href":"https:\/\/agora.xtec.cat\/iespauclaris\/wp-json\/wp\/v2\/users\/1"}],"replies":[{"embeddable":true,"href":"https:\/\/agora.xtec.cat\/iespauclaris\/wp-json\/wp\/v2\/comments?post=3647"}],"version-history":[{"count":3,"href":"https:\/\/agora.xtec.cat\/iespauclaris\/wp-json\/wp\/v2\/posts\/3647\/revisions"}],"predecessor-version":[{"id":3665,"href":"https:\/\/agora.xtec.cat\/iespauclaris\/wp-json\/wp\/v2\/posts\/3647\/revisions\/3665"}],"wp:featuredmedia":[{"embeddable":true,"href":"https:\/\/agora.xtec.cat\/iespauclaris\/wp-json\/wp\/v2\/media\/3653"}],"wp:attachment":[{"href":"https:\/\/agora.xtec.cat\/iespauclaris\/wp-json\/wp\/v2\/media?parent=3647"}],"wp:term":[{"taxonomy":"category","embeddable":true,"href":"https:\/\/agora.xtec.cat\/iespauclaris\/wp-json\/wp\/v2\/categories?post=3647"},{"taxonomy":"post_tag","embeddable":true,"href":"https:\/\/agora.xtec.cat\/iespauclaris\/wp-json\/wp\/v2\/tags?post=3647"}],"curies":[{"name":"wp","href":"https:\/\/api.w.org\/{rel}","templated":true}]}}