{"id":3626,"date":"2022-11-08T14:52:29","date_gmt":"2022-11-08T13:52:29","guid":{"rendered":"https:\/\/agora.xtec.cat\/iespauclaris\/?p=3626"},"modified":"2023-06-28T21:39:32","modified_gmt":"2023-06-28T19:39:32","slug":"ens-visita-un-institut-dalesund-noruega","status":"publish","type":"post","link":"https:\/\/agora.xtec.cat\/iespauclaris\/general\/ens-visita-un-institut-dalesund-noruega\/","title":{"rendered":"Ens visiten d&#8217;\u00c5lesund"},"content":{"rendered":"<p><span class=\"css-901oao css-16my406 r-poiln3 r-bcqeeo r-qvutc0\">Aquest inici de curs hem tingut el plaer de rebre tota la comunitat professional de l&#8217;institut Spjelkavik Ungdomsskole d&#8217;\u00c5lesund (Noruega). Els seus centres d&#8217;inter\u00e8s s\u00f3n la sostenibilitat, la compet\u00e8ncia ciutadana i la personalitzaci\u00f3 de l&#8217;aprenentatge.<\/span><\/p>\n<p><span class=\"css-901oao css-16my406 r-poiln3 r-bcqeeo r-qvutc0\">Els nostres alumnes els han explicat com treballem: metodologies actives, cooperativament, amb codoc\u00e8ncia, amb expertesa digital, i enxarxats per a una ciutadania global a trav\u00e9s de l&#8217;acompanyament personalitzat. <\/span><span class=\"r-18u37iz\"><a class=\"css-4rbku5 css-18t94o4 css-901oao css-16my406 r-1cvl2hr r-1loqt21 r-poiln3 r-bcqeeo r-qvutc0\" dir=\"ltr\" role=\"link\" href=\"https:\/\/twitter.com\/hashtag\/elsessencialsdelPauClaris?src=hashtag_click\">#elsessencialsdelPauClaris<\/a><\/span> &#8211;&gt; <a class=\"css-4rbku5 css-18t94o4 css-901oao css-16my406 r-1cvl2hr r-1loqt21 r-poiln3 r-bcqeeo r-qvutc0\" dir=\"ltr\" role=\"link\" href=\"https:\/\/t.co\/UIQzZloWWj\" target=\"_blank\" rel=\"noopener noreferrer nofollow\"><span class=\"css-901oao css-16my406 r-poiln3 r-hiw28u r-qvk6io r-bcqeeo r-qvutc0\" aria-hidden=\"true\">https:\/\/<\/span>agora.xtec.cat\/iespauclaris\/e<\/a><\/p>\n<div class=\"css-1dbjc4n\">\n<div id=\"id__hg7if55h0z4\" class=\"css-901oao r-18jsvk2 r-37j5jr r-a023e6 r-16dba41 r-rjixqe r-bcqeeo r-bnwqim r-qvutc0\" dir=\"auto\" lang=\"ca\" data-testid=\"tweetText\"><span class=\"css-901oao css-16my406 r-poiln3 r-bcqeeo r-qvutc0\">Ha estat un plaer mostrar-vos casa nostra i estem encantats de comen\u00e7ar una alian\u00e7a amb un institut de Noruega <\/span><\/div>\n<div dir=\"auto\" lang=\"ca\" data-testid=\"tweetText\"><\/div>\n<div class=\"css-901oao r-18jsvk2 r-37j5jr r-a023e6 r-16dba41 r-rjixqe r-bcqeeo r-bnwqim r-qvutc0\" dir=\"auto\" lang=\"ca\" data-testid=\"tweetText\"><span class=\"r-18u37iz\"><a class=\"css-4rbku5 css-18t94o4 css-901oao css-16my406 r-1cvl2hr r-1loqt21 r-poiln3 r-bcqeeo r-qvutc0\" dir=\"ltr\" role=\"link\" href=\"https:\/\/twitter.com\/hashtag\/enxarxats?src=hashtag_click\">#enxarxats<\/a><\/span><span class=\"css-901oao css-16my406 r-poiln3 r-bcqeeo r-qvutc0\"> per l&#8217;aprenentatge<\/span>.<\/div>\n<\/div>\n<p>&nbsp;<\/p>\n<p><a href=\"https:\/\/agora.xtec.cat\/iespauclaris\/general\/ens-visita-un-institut-dalesund-noruega\/attachment\/sala-dactes-1\/\" rel=\"attachment wp-att-3627\"><img loading=\"lazy\" decoding=\"async\" class=\"alignnone size-thumbnail wp-image-3627\" src=\"https:\/\/agora.xtec.cat\/iespauclaris\/wp-content\/uploads\/usu835\/2022\/11\/Sala-dactes-1-150x150.jpg\" alt=\"\" width=\"150\" height=\"150\" srcset=\"https:\/\/agora.xtec.cat\/iespauclaris\/wp-content\/uploads\/usu835\/2022\/11\/Sala-dactes-1-150x150.jpg 150w, https:\/\/agora.xtec.cat\/iespauclaris\/wp-content\/uploads\/usu835\/2022\/11\/Sala-dactes-1-300x300.jpg 300w, https:\/\/agora.xtec.cat\/iespauclaris\/wp-content\/uploads\/usu835\/2022\/11\/Sala-dactes-1-1024x1024.jpg 1024w, https:\/\/agora.xtec.cat\/iespauclaris\/wp-content\/uploads\/usu835\/2022\/11\/Sala-dactes-1-768x768.jpg 768w, https:\/\/agora.xtec.cat\/iespauclaris\/wp-content\/uploads\/usu835\/2022\/11\/Sala-dactes-1.jpg 1536w\" sizes=\"auto, (max-width: 150px) 100vw, 150px\" \/><\/a> <a href=\"https:\/\/agora.xtec.cat\/iespauclaris\/general\/ens-visita-un-institut-dalesund-noruega\/attachment\/sala-dactes-2\/\" rel=\"attachment wp-att-3628\"><img loading=\"lazy\" decoding=\"async\" class=\"alignnone size-thumbnail wp-image-3628\" src=\"https:\/\/agora.xtec.cat\/iespauclaris\/wp-content\/uploads\/usu835\/2022\/11\/Sala-dactes-2-150x150.jpg\" alt=\"\" width=\"150\" height=\"150\" srcset=\"https:\/\/agora.xtec.cat\/iespauclaris\/wp-content\/uploads\/usu835\/2022\/11\/Sala-dactes-2-150x150.jpg 150w, https:\/\/agora.xtec.cat\/iespauclaris\/wp-content\/uploads\/usu835\/2022\/11\/Sala-dactes-2-300x300.jpg 300w, https:\/\/agora.xtec.cat\/iespauclaris\/wp-content\/uploads\/usu835\/2022\/11\/Sala-dactes-2-768x769.jpg 768w, https:\/\/agora.xtec.cat\/iespauclaris\/wp-content\/uploads\/usu835\/2022\/11\/Sala-dactes-2.jpg 1023w\" sizes=\"auto, (max-width: 150px) 100vw, 150px\" \/><\/a> <a href=\"https:\/\/agora.xtec.cat\/iespauclaris\/general\/ens-visita-un-institut-dalesund-noruega\/attachment\/sala-dactes-3\/\" rel=\"attachment wp-att-3629\"><img loading=\"lazy\" decoding=\"async\" class=\"alignnone size-thumbnail wp-image-3629\" src=\"https:\/\/agora.xtec.cat\/iespauclaris\/wp-content\/uploads\/usu835\/2022\/11\/Sala-dactes-3-150x150.jpg\" alt=\"\" width=\"150\" height=\"150\" srcset=\"https:\/\/agora.xtec.cat\/iespauclaris\/wp-content\/uploads\/usu835\/2022\/11\/Sala-dactes-3-150x150.jpg 150w, https:\/\/agora.xtec.cat\/iespauclaris\/wp-content\/uploads\/usu835\/2022\/11\/Sala-dactes-3-300x300.jpg 300w, https:\/\/agora.xtec.cat\/iespauclaris\/wp-content\/uploads\/usu835\/2022\/11\/Sala-dactes-3-1024x1024.jpg 1024w, https:\/\/agora.xtec.cat\/iespauclaris\/wp-content\/uploads\/usu835\/2022\/11\/Sala-dactes-3-768x768.jpg 768w, https:\/\/agora.xtec.cat\/iespauclaris\/wp-content\/uploads\/usu835\/2022\/11\/Sala-dactes-3.jpg 1536w\" sizes=\"auto, (max-width: 150px) 100vw, 150px\" \/><\/a><\/p>\n","protected":false},"excerpt":{"rendered":"<p>Aquest inici de curs hem tingut el plaer de rebre tota la comunitat professional de l&#8217;institut Spjelkavik Ungdomsskole d&#8217;\u00c5lesund (Noruega). Els seus centres d&#8217;inter\u00e8s s\u00f3n la sostenibilitat, la compet\u00e8ncia ciutadana i la personalitzaci\u00f3 de l&#8217;aprenentatge.<br \/>\nEls nostres alumnes els han explicat com treballem: metodologies actives, cooperativament,&hellip;  <a href=\"https:\/\/agora.xtec.cat\/iespauclaris\/general\/ens-visita-un-institut-dalesund-noruega\/\" title=\"Read Ens visiten d&#8217;\u00c5lesund\">Llegeix m\u00e9s\u00bb<\/a><\/p>\n","protected":false},"author":1,"featured_media":3630,"comment_status":"closed","ping_status":"closed","sticky":false,"template":"","format":"standard","meta":{"_bbp_topic_count":0,"_bbp_reply_count":0,"_bbp_total_topic_count":0,"_bbp_total_reply_count":0,"_bbp_voice_count":0,"_bbp_anonymous_reply_count":0,"_bbp_topic_count_hidden":0,"_bbp_reply_count_hidden":0,"_bbp_forum_subforum_count":0,"footnotes":""},"categories":[1,29],"tags":[],"class_list":["post-3626","post","type-post","status-publish","format-standard","has-post-thumbnail","hentry","category-general","category-portada"],"post_mailing_queue_ids":[],"_links":{"self":[{"href":"https:\/\/agora.xtec.cat\/iespauclaris\/wp-json\/wp\/v2\/posts\/3626","targetHints":{"allow":["GET"]}}],"collection":[{"href":"https:\/\/agora.xtec.cat\/iespauclaris\/wp-json\/wp\/v2\/posts"}],"about":[{"href":"https:\/\/agora.xtec.cat\/iespauclaris\/wp-json\/wp\/v2\/types\/post"}],"author":[{"embeddable":true,"href":"https:\/\/agora.xtec.cat\/iespauclaris\/wp-json\/wp\/v2\/users\/1"}],"replies":[{"embeddable":true,"href":"https:\/\/agora.xtec.cat\/iespauclaris\/wp-json\/wp\/v2\/comments?post=3626"}],"version-history":[{"count":3,"href":"https:\/\/agora.xtec.cat\/iespauclaris\/wp-json\/wp\/v2\/posts\/3626\/revisions"}],"predecessor-version":[{"id":4548,"href":"https:\/\/agora.xtec.cat\/iespauclaris\/wp-json\/wp\/v2\/posts\/3626\/revisions\/4548"}],"wp:featuredmedia":[{"embeddable":true,"href":"https:\/\/agora.xtec.cat\/iespauclaris\/wp-json\/wp\/v2\/media\/3630"}],"wp:attachment":[{"href":"https:\/\/agora.xtec.cat\/iespauclaris\/wp-json\/wp\/v2\/media?parent=3626"}],"wp:term":[{"taxonomy":"category","embeddable":true,"href":"https:\/\/agora.xtec.cat\/iespauclaris\/wp-json\/wp\/v2\/categories?post=3626"},{"taxonomy":"post_tag","embeddable":true,"href":"https:\/\/agora.xtec.cat\/iespauclaris\/wp-json\/wp\/v2\/tags?post=3626"}],"curies":[{"name":"wp","href":"https:\/\/api.w.org\/{rel}","templated":true}]}}