{"id":3615,"date":"2022-11-07T08:00:36","date_gmt":"2022-11-07T07:00:36","guid":{"rendered":"https:\/\/agora.xtec.cat\/iespauclaris\/?p=3615"},"modified":"2023-02-02T17:34:48","modified_gmt":"2023-02-02T16:34:48","slug":"colonies-a-mas-coromina-amb-1r-deso","status":"publish","type":"post","link":"https:\/\/agora.xtec.cat\/iespauclaris\/general\/colonies-a-mas-coromina-amb-1r-deso\/","title":{"rendered":"Col\u00f2nies de 1r a Mas Coromina"},"content":{"rendered":"<div class=\"aju\">\n<p class=\"aCi\"><span style=\"font-family: inherit; font-size: 1em;\">Els alumnes de 1r d&#8217;ESO van conviure durant 2 dies a la casa de col\u00f2nies Mas Coromina, situada a la zona volc\u00e0nica de la Garrotxa. El primer dia van veure el volc\u00e0 Croscat i van donar una volta per la fageda. Els guies van explicar l&#8217;origen i curiositats de la zona. L&#8217;endem\u00e0 van dur a terme una activitat d&#8217;orientaci\u00f3 pels boscos del voltant de la casa. L&#8217;experi\u00e8ncia va refor\u00e7ar la cohesi\u00f3 entre els dos grups classe i va permetre que es coneguessin millor.<\/span><\/p>\n<\/div>\n<div dir=\"ltr\"><a href=\"https:\/\/agora.xtec.cat\/iespauclaris\/general\/colonies-a-mas-coromina-amb-1r-deso\/attachment\/foto-bosc\/\" rel=\"attachment wp-att-3616\"><img loading=\"lazy\" decoding=\"async\" class=\"wp-image-3616 size-thumbnail alignnone\" src=\"https:\/\/agora.xtec.cat\/iespauclaris\/wp-content\/uploads\/usu835\/2022\/11\/foto-bosc-150x150.jpg\" alt=\"Tot fent la visita a la fageda\" width=\"150\" height=\"150\" srcset=\"https:\/\/agora.xtec.cat\/iespauclaris\/wp-content\/uploads\/usu835\/2022\/11\/foto-bosc-150x150.jpg 150w, https:\/\/agora.xtec.cat\/iespauclaris\/wp-content\/uploads\/usu835\/2022\/11\/foto-bosc-300x300.jpg 300w, https:\/\/agora.xtec.cat\/iespauclaris\/wp-content\/uploads\/usu835\/2022\/11\/foto-bosc.jpg 756w\" sizes=\"auto, (max-width: 150px) 100vw, 150px\" \/><\/a> <a href=\"https:\/\/agora.xtec.cat\/iespauclaris\/general\/colonies-a-mas-coromina-amb-1r-deso\/attachment\/foto-volca\/\" rel=\"attachment wp-att-3617\"><img loading=\"lazy\" decoding=\"async\" class=\"wp-image-3617 size-thumbnail alignnone\" src=\"https:\/\/agora.xtec.cat\/iespauclaris\/wp-content\/uploads\/usu835\/2022\/11\/foto-volca-150x150.jpg\" alt=\"Descobrint el volc\u00e0 Croscat\" width=\"150\" height=\"150\" srcset=\"https:\/\/agora.xtec.cat\/iespauclaris\/wp-content\/uploads\/usu835\/2022\/11\/foto-volca-150x150.jpg 150w, https:\/\/agora.xtec.cat\/iespauclaris\/wp-content\/uploads\/usu835\/2022\/11\/foto-volca-300x300.jpg 300w, https:\/\/agora.xtec.cat\/iespauclaris\/wp-content\/uploads\/usu835\/2022\/11\/foto-volca.jpg 756w\" sizes=\"auto, (max-width: 150px) 100vw, 150px\" \/>\u00a0<\/a><a href=\"https:\/\/agora.xtec.cat\/iespauclaris\/general\/colonies-a-mas-coromina-amb-1r-deso\/attachment\/20221025_1136543\/\" rel=\"attachment wp-att-3618\"><img loading=\"lazy\" decoding=\"async\" class=\"wp-image-3618 size-thumbnail alignnone\" src=\"https:\/\/agora.xtec.cat\/iespauclaris\/wp-content\/uploads\/usu835\/2022\/11\/20221025_1136543-150x150.jpg\" alt=\"la casa de col\u00f2nies Mas Coromina\" width=\"150\" height=\"150\" \/><\/a><\/div>\n","protected":false},"excerpt":{"rendered":"<p>Els alumnes de 1r d&#8217;ESO van conviure durant 2 dies a la casa de col\u00f2nies Mas Coromina, situada a la zona volc\u00e0nica de la Garrotxa. El primer dia van veure el volc\u00e0 Croscat i van donar una volta per la fageda. Els guies van explicar&hellip;  <a href=\"https:\/\/agora.xtec.cat\/iespauclaris\/general\/colonies-a-mas-coromina-amb-1r-deso\/\" title=\"Read Col\u00f2nies de 1r a Mas Coromina\">Llegeix m\u00e9s\u00bb<\/a><\/p>\n","protected":false},"author":1,"featured_media":3620,"comment_status":"closed","ping_status":"closed","sticky":false,"template":"","format":"standard","meta":{"_bbp_topic_count":0,"_bbp_reply_count":0,"_bbp_total_topic_count":0,"_bbp_total_reply_count":0,"_bbp_voice_count":0,"_bbp_anonymous_reply_count":0,"_bbp_topic_count_hidden":0,"_bbp_reply_count_hidden":0,"_bbp_forum_subforum_count":0,"footnotes":""},"categories":[1,29],"tags":[],"class_list":["post-3615","post","type-post","status-publish","format-standard","has-post-thumbnail","hentry","category-general","category-portada"],"post_mailing_queue_ids":[],"_links":{"self":[{"href":"https:\/\/agora.xtec.cat\/iespauclaris\/wp-json\/wp\/v2\/posts\/3615","targetHints":{"allow":["GET"]}}],"collection":[{"href":"https:\/\/agora.xtec.cat\/iespauclaris\/wp-json\/wp\/v2\/posts"}],"about":[{"href":"https:\/\/agora.xtec.cat\/iespauclaris\/wp-json\/wp\/v2\/types\/post"}],"author":[{"embeddable":true,"href":"https:\/\/agora.xtec.cat\/iespauclaris\/wp-json\/wp\/v2\/users\/1"}],"replies":[{"embeddable":true,"href":"https:\/\/agora.xtec.cat\/iespauclaris\/wp-json\/wp\/v2\/comments?post=3615"}],"version-history":[{"count":4,"href":"https:\/\/agora.xtec.cat\/iespauclaris\/wp-json\/wp\/v2\/posts\/3615\/revisions"}],"predecessor-version":[{"id":3846,"href":"https:\/\/agora.xtec.cat\/iespauclaris\/wp-json\/wp\/v2\/posts\/3615\/revisions\/3846"}],"wp:featuredmedia":[{"embeddable":true,"href":"https:\/\/agora.xtec.cat\/iespauclaris\/wp-json\/wp\/v2\/media\/3620"}],"wp:attachment":[{"href":"https:\/\/agora.xtec.cat\/iespauclaris\/wp-json\/wp\/v2\/media?parent=3615"}],"wp:term":[{"taxonomy":"category","embeddable":true,"href":"https:\/\/agora.xtec.cat\/iespauclaris\/wp-json\/wp\/v2\/categories?post=3615"},{"taxonomy":"post_tag","embeddable":true,"href":"https:\/\/agora.xtec.cat\/iespauclaris\/wp-json\/wp\/v2\/tags?post=3615"}],"curies":[{"name":"wp","href":"https:\/\/api.w.org\/{rel}","templated":true}]}}