{"id":3578,"date":"2022-10-18T14:02:19","date_gmt":"2022-10-18T12:02:19","guid":{"rendered":"https:\/\/agora.xtec.cat\/iespauclaris\/?p=3578"},"modified":"2022-10-19T13:06:41","modified_gmt":"2022-10-19T11:06:41","slug":"una-nova-visio-del-mon-al-mmb","status":"publish","type":"post","link":"https:\/\/agora.xtec.cat\/iespauclaris\/general\/una-nova-visio-del-mon-al-mmb\/","title":{"rendered":"Una nova visi\u00f3 del m\u00f3n al MMB"},"content":{"rendered":"<p>Fa uns dies, l&#8217;alumnat de 3r d&#8217;ESO va tenir l&#8217;oportunitat de visitar el Museu Mar\u00edtim de Barcelona per endinsar-se en el context del projecte &#8220;Una nova visi\u00f3 del m\u00f3n&#8221; (FUP CI\u00c8NCIES). Tots plegats, vam poder aprendre de forma significativa sobre els canvis en la visi\u00f3 del m\u00f3n de l\u2019\u00e8poca medieval a l&#8217;\u00e8poca moderna, tot investigant sobre els aven\u00e7os en la navegaci\u00f3 a trav\u00e9s de l&#8217;estudi d&#8217;instruments, mapes, maquetes i esp\u00e8cies. A m\u00e9s, vam gaudir d&#8217;una projecci\u00f3 interactiva al planetari per entendre com els navegants s&#8217;orientaven al mar.<\/p>\n<p><a href=\"https:\/\/agora.xtec.cat\/iespauclaris\/general\/una-nova-visio-del-mon-al-mmb\/attachment\/1664903581565-2\/\" rel=\"attachment wp-att-3579\"><img loading=\"lazy\" decoding=\"async\" class=\"alignnone size-thumbnail wp-image-3579\" src=\"https:\/\/agora.xtec.cat\/iespauclaris\/wp-content\/uploads\/usu835\/2022\/10\/1664903581565-2-150x150.jpg\" alt=\"\" width=\"150\" height=\"150\" srcset=\"https:\/\/agora.xtec.cat\/iespauclaris\/wp-content\/uploads\/usu835\/2022\/10\/1664903581565-2-150x150.jpg 150w, https:\/\/agora.xtec.cat\/iespauclaris\/wp-content\/uploads\/usu835\/2022\/10\/1664903581565-2-300x300.jpg 300w, https:\/\/agora.xtec.cat\/iespauclaris\/wp-content\/uploads\/usu835\/2022\/10\/1664903581565-2-1024x1024.jpg 1024w, https:\/\/agora.xtec.cat\/iespauclaris\/wp-content\/uploads\/usu835\/2022\/10\/1664903581565-2-768x769.jpg 768w, https:\/\/agora.xtec.cat\/iespauclaris\/wp-content\/uploads\/usu835\/2022\/10\/1664903581565-2.jpg 1361w\" sizes=\"auto, (max-width: 150px) 100vw, 150px\" \/><\/a> <a href=\"https:\/\/agora.xtec.cat\/iespauclaris\/general\/una-nova-visio-del-mon-al-mmb\/attachment\/1664903581643-2\/\" rel=\"attachment wp-att-3580\"><img loading=\"lazy\" decoding=\"async\" class=\"alignnone size-thumbnail wp-image-3580\" src=\"https:\/\/agora.xtec.cat\/iespauclaris\/wp-content\/uploads\/usu835\/2022\/10\/1664903581643-2-150x150.jpg\" alt=\"\" width=\"150\" height=\"150\" srcset=\"https:\/\/agora.xtec.cat\/iespauclaris\/wp-content\/uploads\/usu835\/2022\/10\/1664903581643-2-150x150.jpg 150w, https:\/\/agora.xtec.cat\/iespauclaris\/wp-content\/uploads\/usu835\/2022\/10\/1664903581643-2-300x300.jpg 300w, https:\/\/agora.xtec.cat\/iespauclaris\/wp-content\/uploads\/usu835\/2022\/10\/1664903581643-2-1024x1024.jpg 1024w, https:\/\/agora.xtec.cat\/iespauclaris\/wp-content\/uploads\/usu835\/2022\/10\/1664903581643-2-768x768.jpg 768w, https:\/\/agora.xtec.cat\/iespauclaris\/wp-content\/uploads\/usu835\/2022\/10\/1664903581643-2-1536x1536.jpg 1536w, https:\/\/agora.xtec.cat\/iespauclaris\/wp-content\/uploads\/usu835\/2022\/10\/1664903581643-2-2048x2048.jpg 2048w\" sizes=\"auto, (max-width: 150px) 100vw, 150px\" \/><\/a><\/p>\n","protected":false},"excerpt":{"rendered":"<p>Fa uns dies, l&#8217;alumnat de 3r d&#8217;ESO va tenir l&#8217;oportunitat de visitar el Museu Mar\u00edtim de Barcelona per endinsar-se en el context del projecte &#8220;Una nova visi\u00f3 del m\u00f3n&#8221; (FUP CI\u00c8NCIES). Tots plegats, vam poder aprendre de forma significativa sobre els canvis en la visi\u00f3&hellip;  <a href=\"https:\/\/agora.xtec.cat\/iespauclaris\/general\/una-nova-visio-del-mon-al-mmb\/\" title=\"Read Una nova visi\u00f3 del m\u00f3n al MMB\">Llegeix m\u00e9s\u00bb<\/a><\/p>\n","protected":false},"author":1,"featured_media":3580,"comment_status":"closed","ping_status":"closed","sticky":false,"template":"","format":"standard","meta":{"_bbp_topic_count":0,"_bbp_reply_count":0,"_bbp_total_topic_count":0,"_bbp_total_reply_count":0,"_bbp_voice_count":0,"_bbp_anonymous_reply_count":0,"_bbp_topic_count_hidden":0,"_bbp_reply_count_hidden":0,"_bbp_forum_subforum_count":0,"footnotes":""},"categories":[1,29],"tags":[],"class_list":["post-3578","post","type-post","status-publish","format-standard","has-post-thumbnail","hentry","category-general","category-portada"],"post_mailing_queue_ids":[],"_links":{"self":[{"href":"https:\/\/agora.xtec.cat\/iespauclaris\/wp-json\/wp\/v2\/posts\/3578","targetHints":{"allow":["GET"]}}],"collection":[{"href":"https:\/\/agora.xtec.cat\/iespauclaris\/wp-json\/wp\/v2\/posts"}],"about":[{"href":"https:\/\/agora.xtec.cat\/iespauclaris\/wp-json\/wp\/v2\/types\/post"}],"author":[{"embeddable":true,"href":"https:\/\/agora.xtec.cat\/iespauclaris\/wp-json\/wp\/v2\/users\/1"}],"replies":[{"embeddable":true,"href":"https:\/\/agora.xtec.cat\/iespauclaris\/wp-json\/wp\/v2\/comments?post=3578"}],"version-history":[{"count":2,"href":"https:\/\/agora.xtec.cat\/iespauclaris\/wp-json\/wp\/v2\/posts\/3578\/revisions"}],"predecessor-version":[{"id":3583,"href":"https:\/\/agora.xtec.cat\/iespauclaris\/wp-json\/wp\/v2\/posts\/3578\/revisions\/3583"}],"wp:featuredmedia":[{"embeddable":true,"href":"https:\/\/agora.xtec.cat\/iespauclaris\/wp-json\/wp\/v2\/media\/3580"}],"wp:attachment":[{"href":"https:\/\/agora.xtec.cat\/iespauclaris\/wp-json\/wp\/v2\/media?parent=3578"}],"wp:term":[{"taxonomy":"category","embeddable":true,"href":"https:\/\/agora.xtec.cat\/iespauclaris\/wp-json\/wp\/v2\/categories?post=3578"},{"taxonomy":"post_tag","embeddable":true,"href":"https:\/\/agora.xtec.cat\/iespauclaris\/wp-json\/wp\/v2\/tags?post=3578"}],"curies":[{"name":"wp","href":"https:\/\/api.w.org\/{rel}","templated":true}]}}