{"id":3551,"date":"2022-09-30T09:43:10","date_gmt":"2022-09-30T07:43:10","guid":{"rendered":"https:\/\/agora.xtec.cat\/iespauclaris\/?p=3551"},"modified":"2023-02-02T17:48:52","modified_gmt":"2023-02-02T16:48:52","slug":"ens-reunim-amb-les-families","status":"publish","type":"post","link":"https:\/\/agora.xtec.cat\/iespauclaris\/general\/ens-reunim-amb-les-families\/","title":{"rendered":"Ens reunim amb les fam\u00edlies"},"content":{"rendered":"<p>El dimecres 28 de setembre vam tenir la reuni\u00f3 amb les fam\u00edlies d&#8217;inici de curs. Any rere any, \u00e9s un plaer comptar amb la vostra pres\u00e8ncia, inter\u00e8s i implicaci\u00f3 en l&#8217;educaci\u00f3 dels vostres fills i filles. Entre tots, construirem un cam\u00ed d&#8217;objectius compartits. Endavant!<\/p>\n<p><a href=\"https:\/\/agora.xtec.cat\/iespauclaris\/general\/ens-reunim-amb-les-families\/attachment\/grup5\/\" rel=\"attachment wp-att-3558\"><img loading=\"lazy\" decoding=\"async\" class=\"alignnone size-thumbnail wp-image-3558\" src=\"https:\/\/agora.xtec.cat\/iespauclaris\/wp-content\/uploads\/usu835\/2022\/09\/grup5-150x150.jpg\" alt=\"\" width=\"150\" height=\"150\" srcset=\"https:\/\/agora.xtec.cat\/iespauclaris\/wp-content\/uploads\/usu835\/2022\/09\/grup5-150x150.jpg 150w, https:\/\/agora.xtec.cat\/iespauclaris\/wp-content\/uploads\/usu835\/2022\/09\/grup5-300x300.jpg 300w, https:\/\/agora.xtec.cat\/iespauclaris\/wp-content\/uploads\/usu835\/2022\/09\/grup5-1024x1024.jpg 1024w, https:\/\/agora.xtec.cat\/iespauclaris\/wp-content\/uploads\/usu835\/2022\/09\/grup5-768x768.jpg 768w, https:\/\/agora.xtec.cat\/iespauclaris\/wp-content\/uploads\/usu835\/2022\/09\/grup5-1536x1536.jpg 1536w, https:\/\/agora.xtec.cat\/iespauclaris\/wp-content\/uploads\/usu835\/2022\/09\/grup5-2048x2048.jpg 2048w\" sizes=\"auto, (max-width: 150px) 100vw, 150px\" \/><\/a><a href=\"https:\/\/agora.xtec.cat\/iespauclaris\/general\/ens-reunim-amb-les-families\/attachment\/grup4\/\" rel=\"attachment wp-att-3557\">\u00a0<\/a><a href=\"https:\/\/agora.xtec.cat\/iespauclaris\/general\/ens-reunim-amb-les-families\/attachment\/grup3\/\" rel=\"attachment wp-att-3556\"><img loading=\"lazy\" decoding=\"async\" class=\"alignnone size-thumbnail wp-image-3556\" src=\"https:\/\/agora.xtec.cat\/iespauclaris\/wp-content\/uploads\/usu835\/2022\/09\/grup3-150x150.jpg\" alt=\"\" width=\"150\" height=\"150\" srcset=\"https:\/\/agora.xtec.cat\/iespauclaris\/wp-content\/uploads\/usu835\/2022\/09\/grup3-150x150.jpg 150w, https:\/\/agora.xtec.cat\/iespauclaris\/wp-content\/uploads\/usu835\/2022\/09\/grup3-300x300.jpg 300w, https:\/\/agora.xtec.cat\/iespauclaris\/wp-content\/uploads\/usu835\/2022\/09\/grup3-1024x1024.jpg 1024w, https:\/\/agora.xtec.cat\/iespauclaris\/wp-content\/uploads\/usu835\/2022\/09\/grup3-768x768.jpg 768w, https:\/\/agora.xtec.cat\/iespauclaris\/wp-content\/uploads\/usu835\/2022\/09\/grup3-1536x1536.jpg 1536w, https:\/\/agora.xtec.cat\/iespauclaris\/wp-content\/uploads\/usu835\/2022\/09\/grup3-2048x2048.jpg 2048w\" sizes=\"auto, (max-width: 150px) 100vw, 150px\" \/> <\/a><a href=\"https:\/\/agora.xtec.cat\/iespauclaris\/general\/ens-reunim-amb-les-families\/attachment\/grup1\/\" rel=\"attachment wp-att-3554\"><img loading=\"lazy\" decoding=\"async\" class=\"alignnone size-thumbnail wp-image-3554\" src=\"https:\/\/agora.xtec.cat\/iespauclaris\/wp-content\/uploads\/usu835\/2022\/09\/grup1-150x150.jpg\" alt=\"\" width=\"150\" height=\"150\" srcset=\"https:\/\/agora.xtec.cat\/iespauclaris\/wp-content\/uploads\/usu835\/2022\/09\/grup1-150x150.jpg 150w, https:\/\/agora.xtec.cat\/iespauclaris\/wp-content\/uploads\/usu835\/2022\/09\/grup1-300x300.jpg 300w, https:\/\/agora.xtec.cat\/iespauclaris\/wp-content\/uploads\/usu835\/2022\/09\/grup1-1024x1024.jpg 1024w, https:\/\/agora.xtec.cat\/iespauclaris\/wp-content\/uploads\/usu835\/2022\/09\/grup1-768x768.jpg 768w, https:\/\/agora.xtec.cat\/iespauclaris\/wp-content\/uploads\/usu835\/2022\/09\/grup1-1536x1536.jpg 1536w, https:\/\/agora.xtec.cat\/iespauclaris\/wp-content\/uploads\/usu835\/2022\/09\/grup1-2048x2048.jpg 2048w\" sizes=\"auto, (max-width: 150px) 100vw, 150px\" \/><\/a><\/p>\n","protected":false},"excerpt":{"rendered":"<p>El dimecres 28 de setembre vam tenir la reuni\u00f3 amb les fam\u00edlies d&#8217;inici de curs. Any rere any, \u00e9s un plaer comptar amb la vostra pres\u00e8ncia, inter\u00e8s i implicaci\u00f3 en l&#8217;educaci\u00f3 dels vostres fills i filles. Entre tots, construirem un cam\u00ed d&#8217;objectius compartits. Endavant!<br \/>\n<a href=\"https:\/\/agora.xtec.cat\/iespauclaris\/general\/ens-reunim-amb-les-families\/attachment\/grup5\/\"&hellip;  <a href=\"https:\/\/agora.xtec.cat\/iespauclaris\/general\/ens-reunim-amb-les-families\/\" title=\"Read Ens reunim amb les fam\u00edlies\">Llegeix m\u00e9s\u00bb<\/a><\/p>\n","protected":false},"author":1,"featured_media":3557,"comment_status":"closed","ping_status":"closed","sticky":false,"template":"","format":"standard","meta":{"_bbp_topic_count":0,"_bbp_reply_count":0,"_bbp_total_topic_count":0,"_bbp_total_reply_count":0,"_bbp_voice_count":0,"_bbp_anonymous_reply_count":0,"_bbp_topic_count_hidden":0,"_bbp_reply_count_hidden":0,"_bbp_forum_subforum_count":0,"footnotes":""},"categories":[1,29],"tags":[],"class_list":["post-3551","post","type-post","status-publish","format-standard","has-post-thumbnail","hentry","category-general","category-portada"],"post_mailing_queue_ids":[],"_links":{"self":[{"href":"https:\/\/agora.xtec.cat\/iespauclaris\/wp-json\/wp\/v2\/posts\/3551","targetHints":{"allow":["GET"]}}],"collection":[{"href":"https:\/\/agora.xtec.cat\/iespauclaris\/wp-json\/wp\/v2\/posts"}],"about":[{"href":"https:\/\/agora.xtec.cat\/iespauclaris\/wp-json\/wp\/v2\/types\/post"}],"author":[{"embeddable":true,"href":"https:\/\/agora.xtec.cat\/iespauclaris\/wp-json\/wp\/v2\/users\/1"}],"replies":[{"embeddable":true,"href":"https:\/\/agora.xtec.cat\/iespauclaris\/wp-json\/wp\/v2\/comments?post=3551"}],"version-history":[{"count":3,"href":"https:\/\/agora.xtec.cat\/iespauclaris\/wp-json\/wp\/v2\/posts\/3551\/revisions"}],"predecessor-version":[{"id":3856,"href":"https:\/\/agora.xtec.cat\/iespauclaris\/wp-json\/wp\/v2\/posts\/3551\/revisions\/3856"}],"wp:featuredmedia":[{"embeddable":true,"href":"https:\/\/agora.xtec.cat\/iespauclaris\/wp-json\/wp\/v2\/media\/3557"}],"wp:attachment":[{"href":"https:\/\/agora.xtec.cat\/iespauclaris\/wp-json\/wp\/v2\/media?parent=3551"}],"wp:term":[{"taxonomy":"category","embeddable":true,"href":"https:\/\/agora.xtec.cat\/iespauclaris\/wp-json\/wp\/v2\/categories?post=3551"},{"taxonomy":"post_tag","embeddable":true,"href":"https:\/\/agora.xtec.cat\/iespauclaris\/wp-json\/wp\/v2\/tags?post=3551"}],"curies":[{"name":"wp","href":"https:\/\/api.w.org\/{rel}","templated":true}]}}