{"id":3455,"date":"2022-06-27T09:02:27","date_gmt":"2022-06-27T07:02:27","guid":{"rendered":"https:\/\/agora.xtec.cat\/iespauclaris\/?p=3455"},"modified":"2022-08-10T13:36:39","modified_gmt":"2022-08-10T11:36:39","slug":"erasmus-international-training","status":"publish","type":"post","link":"https:\/\/agora.xtec.cat\/iespauclaris\/general\/erasmus-international-training\/","title":{"rendered":"Erasmus International Training"},"content":{"rendered":"<p>Erasmus+ no para ni a l&#8217;estiu. La C\u00e8lia Montserrat, codirectora del projecte al Pau Claris (amb l&#8217;\u00c0lex Teruel), est\u00e0 a Estocolm fent una <a href=\"https:\/\/erasmus-plus.ec.europa.eu\/programme-guide\/part-b\/key-action-2\/teacher-academies\" target=\"_blank\" rel=\"noopener\">formaci\u00f3 per al professorat<\/a>. L&#8217;any que ve seguim amb l&#8217;experi\u00e8ncia. El 2022-23 m\u00e9s i millor.<\/p>\n","protected":false},"excerpt":{"rendered":"<p>Erasmus+ no para ni a l&#8217;estiu. La C\u00e8lia Montserrat, codirectora del projecte al Pau Claris (amb l&#8217;\u00c0lex Teruel), est\u00e0 a Estocolm fent una <a href=\"https:\/\/erasmus-plus.ec.europa.eu\/programme-guide\/part-b\/key-action-2\/teacher-academies\" target=\"_blank\" rel=\"noopener\">formaci\u00f3 per al professorat<\/a>. L&#8217;any que ve seguim amb l&#8217;experi\u00e8ncia. El 2022-23 m\u00e9s i millor.<\/p>\n","protected":false},"author":1,"featured_media":3456,"comment_status":"closed","ping_status":"closed","sticky":false,"template":"","format":"standard","meta":{"_bbp_topic_count":0,"_bbp_reply_count":0,"_bbp_total_topic_count":0,"_bbp_total_reply_count":0,"_bbp_voice_count":0,"_bbp_anonymous_reply_count":0,"_bbp_topic_count_hidden":0,"_bbp_reply_count_hidden":0,"_bbp_forum_subforum_count":0,"footnotes":""},"categories":[1,29],"tags":[106,111,109,108,110,104,112,105,103,107],"class_list":["post-3455","post","type-post","status-publish","format-standard","has-post-thumbnail","hentry","category-general","category-portada","tag-epluscatedu","tag-erasmusplussepie","tag-insta-struensee","tag-institutpauclaris","tag-sepie_gob","tag-cete","tag-erasmusplus","tag-mate","tag-mcmate","tag-smooth-sailing-towards-a-sustainable-city"],"post_mailing_queue_ids":[],"_links":{"self":[{"href":"https:\/\/agora.xtec.cat\/iespauclaris\/wp-json\/wp\/v2\/posts\/3455","targetHints":{"allow":["GET"]}}],"collection":[{"href":"https:\/\/agora.xtec.cat\/iespauclaris\/wp-json\/wp\/v2\/posts"}],"about":[{"href":"https:\/\/agora.xtec.cat\/iespauclaris\/wp-json\/wp\/v2\/types\/post"}],"author":[{"embeddable":true,"href":"https:\/\/agora.xtec.cat\/iespauclaris\/wp-json\/wp\/v2\/users\/1"}],"replies":[{"embeddable":true,"href":"https:\/\/agora.xtec.cat\/iespauclaris\/wp-json\/wp\/v2\/comments?post=3455"}],"version-history":[{"count":1,"href":"https:\/\/agora.xtec.cat\/iespauclaris\/wp-json\/wp\/v2\/posts\/3455\/revisions"}],"predecessor-version":[{"id":3457,"href":"https:\/\/agora.xtec.cat\/iespauclaris\/wp-json\/wp\/v2\/posts\/3455\/revisions\/3457"}],"wp:featuredmedia":[{"embeddable":true,"href":"https:\/\/agora.xtec.cat\/iespauclaris\/wp-json\/wp\/v2\/media\/3456"}],"wp:attachment":[{"href":"https:\/\/agora.xtec.cat\/iespauclaris\/wp-json\/wp\/v2\/media?parent=3455"}],"wp:term":[{"taxonomy":"category","embeddable":true,"href":"https:\/\/agora.xtec.cat\/iespauclaris\/wp-json\/wp\/v2\/categories?post=3455"},{"taxonomy":"post_tag","embeddable":true,"href":"https:\/\/agora.xtec.cat\/iespauclaris\/wp-json\/wp\/v2\/tags?post=3455"}],"curies":[{"name":"wp","href":"https:\/\/api.w.org\/{rel}","templated":true}]}}