{"id":3424,"date":"2022-06-17T14:06:14","date_gmt":"2022-06-17T12:06:14","guid":{"rendered":"https:\/\/agora.xtec.cat\/iespauclaris\/?p=3424"},"modified":"2022-08-10T13:37:28","modified_gmt":"2022-08-10T11:37:28","slug":"pensem-la-mirada","status":"publish","type":"post","link":"https:\/\/agora.xtec.cat\/iespauclaris\/general\/pensem-la-mirada\/","title":{"rendered":"Pensem la mirada"},"content":{"rendered":"<p>Durant aquest curs, part de l&#8217;alumnat de 3r ha apr\u00e8s recursos compositius i ha utilitzat la fotografia art\u00edstica com a eina d\u2019expressi\u00f3, comunicaci\u00f3 i reflexi\u00f3: afinant la mirada, pensant el que veiem, visibilitzant el que no podem veure. Aix\u00ed hem reflexionat sobre diferents temes molt presents al nostre dia a dia: la nostra relaci\u00f3 amb l\u2019entorn, l&#8217;espai buit i ocupat, la diversitat cultural, els estereotips de g\u00e8nere, la identitat, els valors i les emocions. Podeu veure algunes de les creacions fotogr\u00e0fiques d&#8217;aquest curs al compte d&#8217;Instagram del T\u00f2pic <a href=\"https:\/\/www.instagram.com\/perspectives_fotografiques\/\" target=\"_blank\" rel=\"noopener\">Perspectives fotogr\u00e0fiques: pensem la mirada.<\/a><\/p>\n","protected":false},"excerpt":{"rendered":"<p>Durant aquest curs, part de l&#8217;alumnat de 3r ha apr\u00e8s recursos compositius i ha utilitzat la fotografia art\u00edstica com a eina d\u2019expressi\u00f3, comunicaci\u00f3 i reflexi\u00f3: afinant la mirada, pensant el que veiem, visibilitzant el que no podem veure. Aix\u00ed hem reflexionat sobre diferents temes molt&hellip;  <a href=\"https:\/\/agora.xtec.cat\/iespauclaris\/general\/pensem-la-mirada\/\" title=\"Read Pensem la mirada\">Llegeix m\u00e9s\u00bb<\/a><\/p>\n","protected":false},"author":1,"featured_media":3427,"comment_status":"closed","ping_status":"closed","sticky":false,"template":"","format":"standard","meta":{"_bbp_topic_count":0,"_bbp_reply_count":0,"_bbp_total_topic_count":0,"_bbp_total_reply_count":0,"_bbp_voice_count":0,"_bbp_anonymous_reply_count":0,"_bbp_topic_count_hidden":0,"_bbp_reply_count_hidden":0,"_bbp_forum_subforum_count":0,"footnotes":""},"categories":[6,1,29],"tags":[],"class_list":["post-3424","post","type-post","status-publish","format-standard","has-post-thumbnail","hentry","category-eso-3","category-general","category-portada"],"post_mailing_queue_ids":[],"_links":{"self":[{"href":"https:\/\/agora.xtec.cat\/iespauclaris\/wp-json\/wp\/v2\/posts\/3424","targetHints":{"allow":["GET"]}}],"collection":[{"href":"https:\/\/agora.xtec.cat\/iespauclaris\/wp-json\/wp\/v2\/posts"}],"about":[{"href":"https:\/\/agora.xtec.cat\/iespauclaris\/wp-json\/wp\/v2\/types\/post"}],"author":[{"embeddable":true,"href":"https:\/\/agora.xtec.cat\/iespauclaris\/wp-json\/wp\/v2\/users\/1"}],"replies":[{"embeddable":true,"href":"https:\/\/agora.xtec.cat\/iespauclaris\/wp-json\/wp\/v2\/comments?post=3424"}],"version-history":[{"count":3,"href":"https:\/\/agora.xtec.cat\/iespauclaris\/wp-json\/wp\/v2\/posts\/3424\/revisions"}],"predecessor-version":[{"id":3435,"href":"https:\/\/agora.xtec.cat\/iespauclaris\/wp-json\/wp\/v2\/posts\/3424\/revisions\/3435"}],"wp:featuredmedia":[{"embeddable":true,"href":"https:\/\/agora.xtec.cat\/iespauclaris\/wp-json\/wp\/v2\/media\/3427"}],"wp:attachment":[{"href":"https:\/\/agora.xtec.cat\/iespauclaris\/wp-json\/wp\/v2\/media?parent=3424"}],"wp:term":[{"taxonomy":"category","embeddable":true,"href":"https:\/\/agora.xtec.cat\/iespauclaris\/wp-json\/wp\/v2\/categories?post=3424"},{"taxonomy":"post_tag","embeddable":true,"href":"https:\/\/agora.xtec.cat\/iespauclaris\/wp-json\/wp\/v2\/tags?post=3424"}],"curies":[{"name":"wp","href":"https:\/\/api.w.org\/{rel}","templated":true}]}}