{"id":3411,"date":"2022-06-16T15:55:31","date_gmt":"2022-06-16T13:55:31","guid":{"rendered":"https:\/\/agora.xtec.cat\/iespauclaris\/?p=3411"},"modified":"2022-06-16T15:55:32","modified_gmt":"2022-06-16T13:55:32","slug":"participacio-en-la-mostra-ctm","status":"publish","type":"post","link":"https:\/\/agora.xtec.cat\/iespauclaris\/batxillerat\/participacio-en-la-mostra-ctm\/","title":{"rendered":"Participaci\u00f3 en la mostra CTM"},"content":{"rendered":"<p>L&#8217;alumnat de 1r de Batxillerat que realitza la mat\u00e8ria de Tecnologia Industrial va particpar divendres 10 de juny a la mostra de projectes del programa Canvia el Teu M\u00f3n (CTM).<\/p>\n<p>A la mostra van estar participant un conjunt de centres educatius d&#8217;arreu de Catalunya i vam poder gaudir d&#8217;una experi\u00e8ncia fant\u00e0stica, al compartit i mostrar el nostre projecte de control de fums i gasos en habitatges. A m\u00e9s, CTM va programar un taller per treballar els ODS amb el qual l&#8217;lalumnat va compartir aprenentatges sobre alguns dels 17 objectius.<\/p>\n<p>Moltes graci\u00e9s a tota l&#8217;organitzaci\u00f3 per fer possible aquesta mostra.<\/p>\n<p>@EmpiezaxEducar #CTM #Canvia el teu m\u00f3n # STEAMcat<\/p>\n<p><a href=\"https:\/\/agora.xtec.cat\/iespauclaris\/batxillerat\/participacio-en-la-mostra-ctm\/attachment\/img_20220610_104854\/\" rel=\"attachment wp-att-3412\"><img loading=\"lazy\" decoding=\"async\" class=\"alignnone size-thumbnail wp-image-3412\" src=\"https:\/\/agora.xtec.cat\/iespauclaris\/wp-content\/uploads\/usu835\/2022\/06\/IMG_20220610_104854-150x150.jpg\" alt=\"\" width=\"150\" height=\"150\" \/><\/a> <a href=\"https:\/\/agora.xtec.cat\/iespauclaris\/batxillerat\/participacio-en-la-mostra-ctm\/attachment\/img_20220610_104938\/\" rel=\"attachment wp-att-3414\"><img loading=\"lazy\" decoding=\"async\" class=\"alignnone size-thumbnail wp-image-3414\" src=\"https:\/\/agora.xtec.cat\/iespauclaris\/wp-content\/uploads\/usu835\/2022\/06\/IMG_20220610_104938-150x150.jpg\" alt=\"\" width=\"150\" height=\"150\" \/> <\/a><a href=\"https:\/\/agora.xtec.cat\/iespauclaris\/batxillerat\/participacio-en-la-mostra-ctm\/attachment\/img_20220610_105136\/\" rel=\"attachment wp-att-3415\"><img loading=\"lazy\" decoding=\"async\" class=\"alignnone size-thumbnail wp-image-3415\" src=\"https:\/\/agora.xtec.cat\/iespauclaris\/wp-content\/uploads\/usu835\/2022\/06\/IMG_20220610_105136-150x150.jpg\" alt=\"\" width=\"150\" height=\"150\" \/><\/a><a href=\"https:\/\/agora.xtec.cat\/iespauclaris\/batxillerat\/participacio-en-la-mostra-ctm\/attachment\/img_20220610_110124\/\" rel=\"attachment wp-att-3416\"><img loading=\"lazy\" decoding=\"async\" class=\"alignnone size-thumbnail wp-image-3416\" src=\"https:\/\/agora.xtec.cat\/iespauclaris\/wp-content\/uploads\/usu835\/2022\/06\/IMG_20220610_110124-150x150.jpg\" alt=\"\" width=\"150\" height=\"150\" \/><\/a><\/p>\n","protected":false},"excerpt":{"rendered":"<p>L&#8217;alumnat de 1r de Batxillerat que realitza la mat\u00e8ria de Tecnologia Industrial va particpar divendres 10 de juny a la mostra de projectes del programa Canvia el Teu M\u00f3n (CTM).<br \/>\nA la mostra van estar participant un conjunt de centres educatius d&#8217;arreu de Catalunya i vam&hellip;  <a href=\"https:\/\/agora.xtec.cat\/iespauclaris\/batxillerat\/participacio-en-la-mostra-ctm\/\" title=\"Read Participaci\u00f3 en la mostra CTM\">Llegeix m\u00e9s\u00bb<\/a><\/p>\n","protected":false},"author":1,"featured_media":3413,"comment_status":"open","ping_status":"closed","sticky":false,"template":"","format":"standard","meta":{"_bbp_topic_count":0,"_bbp_reply_count":0,"_bbp_total_topic_count":0,"_bbp_total_reply_count":0,"_bbp_voice_count":0,"_bbp_anonymous_reply_count":0,"_bbp_topic_count_hidden":0,"_bbp_reply_count_hidden":0,"_bbp_forum_subforum_count":0,"footnotes":""},"categories":[8,29],"tags":[],"class_list":["post-3411","post","type-post","status-publish","format-standard","has-post-thumbnail","hentry","category-batxillerat","category-portada"],"post_mailing_queue_ids":[],"_links":{"self":[{"href":"https:\/\/agora.xtec.cat\/iespauclaris\/wp-json\/wp\/v2\/posts\/3411","targetHints":{"allow":["GET"]}}],"collection":[{"href":"https:\/\/agora.xtec.cat\/iespauclaris\/wp-json\/wp\/v2\/posts"}],"about":[{"href":"https:\/\/agora.xtec.cat\/iespauclaris\/wp-json\/wp\/v2\/types\/post"}],"author":[{"embeddable":true,"href":"https:\/\/agora.xtec.cat\/iespauclaris\/wp-json\/wp\/v2\/users\/1"}],"replies":[{"embeddable":true,"href":"https:\/\/agora.xtec.cat\/iespauclaris\/wp-json\/wp\/v2\/comments?post=3411"}],"version-history":[{"count":3,"href":"https:\/\/agora.xtec.cat\/iespauclaris\/wp-json\/wp\/v2\/posts\/3411\/revisions"}],"predecessor-version":[{"id":3423,"href":"https:\/\/agora.xtec.cat\/iespauclaris\/wp-json\/wp\/v2\/posts\/3411\/revisions\/3423"}],"wp:featuredmedia":[{"embeddable":true,"href":"https:\/\/agora.xtec.cat\/iespauclaris\/wp-json\/wp\/v2\/media\/3413"}],"wp:attachment":[{"href":"https:\/\/agora.xtec.cat\/iespauclaris\/wp-json\/wp\/v2\/media?parent=3411"}],"wp:term":[{"taxonomy":"category","embeddable":true,"href":"https:\/\/agora.xtec.cat\/iespauclaris\/wp-json\/wp\/v2\/categories?post=3411"},{"taxonomy":"post_tag","embeddable":true,"href":"https:\/\/agora.xtec.cat\/iespauclaris\/wp-json\/wp\/v2\/tags?post=3411"}],"curies":[{"name":"wp","href":"https:\/\/api.w.org\/{rel}","templated":true}]}}