{"id":3369,"date":"2022-06-02T12:22:22","date_gmt":"2022-06-02T10:22:22","guid":{"rendered":"https:\/\/agora.xtec.cat\/iespauclaris\/?p=3369"},"modified":"2022-06-02T13:09:09","modified_gmt":"2022-06-02T11:09:09","slug":"3r-amb-veu-i-brot","status":"publish","type":"post","link":"https:\/\/agora.xtec.cat\/iespauclaris\/general\/3r-amb-veu-i-brot\/","title":{"rendered":"3r amb Veu i Brot!"},"content":{"rendered":"<p><span style=\"font-weight: 400;\">Enguany, l\u2019alumnat de 3r d\u2019ESO ha estat molt implicat en el projecte d\u2019aprenentatge i servei <\/span><b>Veu i Brot<\/b><span style=\"font-weight: 400;\">, en col\u00b7laboraci\u00f3 amb<\/span><span style=\"font-weight: 400;\"> la <\/span><a href=\"https:\/\/www.fundacionadsis.org\/ca\/barcelona\/noticias\/el-primer-any-del-projecte-veu-i-brot\"><b>Fundaci\u00f3 Adsis<\/b><\/a><span style=\"font-weight: 400;\">. Han participat activament en el desenvolupament de diferents <\/span><b>accions <\/b><span style=\"font-weight: 400;\">entorn al <\/span><b>dret a una alimentaci\u00f3 adequada<\/b><span style=\"font-weight: 400;\"> i al <\/span><b>malbaratament alimentari<\/b><span style=\"font-weight: 400;\">.<\/span><\/p>\n<p><span style=\"font-weight: 400;\">Vam visitar<\/span><b> l\u2019hort urb\u00e0 de Can Valent<\/b><span style=\"font-weight: 400;\"> i vam con\u00e8ixer de primera m\u00e0 una iniciativa comunit\u00e0ria autogestionada pels ve\u00efns de Nou Barris, a la ciutat de Barcelona. La visita ens va permetre experimentar viv\u00e8ncies cooperatives, en un projecte que contribueix al dret a l\u2019alimentaci\u00f3 adequada per a totes les persones. A m\u00e9s, vam reflexionar sobre les oportunitats que ofereix aquest model de transformaci\u00f3 urbana, que promou l\u2019ecologisme i la sostenibilitat a partir de la recuperaci\u00f3 de l\u2019espai p\u00fablic.\u00a0<\/span><\/p>\n<p><span style=\"font-weight: 400;\">A m\u00e9s, vam realitzar una <\/span><b>campanya de recollida d\u2019oli <\/b><span style=\"font-weight: 400;\">per al menjador social de Santa Anna. Com se situa al barri g\u00f2tic de Barcelona, vam tenir l\u2019oportunitat de col\u00b7laborar amb un projecte per actuar de forma local i contribuir a millorar el nostre entorn m\u00e9s proper.\u00a0<\/span><\/p>\n<p><span style=\"font-weight: 400;\">Una altra acci\u00f3 va ser l\u2019elaboraci\u00f3 d\u2019<\/span><span style=\"font-weight: 400;\">un delici\u00f3s receptari de <\/span><a href=\"http:\/\/agricultura.gencat.cat\/ca\/ambits\/alimentacio\/malbaratament-alimentari\/que-es\/\"><span style=\"font-weight: 400;\">cuina d\u2019aprofitament<\/span><\/a><span style=\"font-weight: 400;\"> per prendre consci\u00e8ncia i disminuir el malbaratament d\u2019aliments. Fes-li un cop d\u2019ull i anima\u2019t a disminuir el malbaratament alimentari! Bon profit, <\/span><a href=\"https:\/\/espigoladors.cat\/ca\/\"><span style=\"font-weight: 400;\">espigoladors<\/span><\/a><span style=\"font-weight: 400;\">! Aqu\u00ed les <\/span><a href=\"https:\/\/drive.google.com\/file\/d\/1yd65i93naOJHRc7g5VZg6wNBirxN79E7\/view?usp=sharing\"><span style=\"font-weight: 400;\">receptes<\/span><\/a><span style=\"font-weight: 400;\">!<\/span><\/p>\n<p><span style=\"font-weight: 400;\">El projecte va finalitzar amb una acci\u00f3 final de sensibilitzaci\u00f3 al Parc de la Ciutadella, on l\u2019alumnat va repartir fins a 124 plantes i octavetes per difondre alternatives d\u2019alimentaci\u00f3 sostenible i \u00e8tiques. Tot el proc\u00e9s recollit en aquest <a href=\"https:\/\/drive.google.com\/file\/d\/1Oo-msffOUghPe-WvgAmNyNJkUk9eusoL\/view?usp=sharing\" target=\"_blank\" rel=\"noopener\">v\u00eddeo<\/a>.<\/span><\/p>\n<p><b>Veu i Brot<\/b><span style=\"font-weight: 400;\"> \u00e9s fruit d\u2019un acord entre el nostre centre i la <\/span><b>Fundaci\u00f3 Adsis<\/b><span style=\"font-weight: 400;\"> i es tracta que els grups-classe de 3r d\u2019ESO realitzin una experi\u00e8ncia de servei comunitari, amb metodologia aprenentatge i servei, vinculada al curr\u00edculum d\u2019estudis. El projecte es basa en els valors i criteris seg\u00fcents, entre d\u2019altres:<\/span><\/p>\n<p><b>A)<\/b><span style=\"font-weight: 400;\"> Les i els joves s\u00f3n els veritables <\/span><b>protagonistes<\/b><span style=\"font-weight: 400;\"> dels seus processos de creixement personal. S\u2019ha de propiciar que experimentin i tri\u00efn els valors que considerin importants.<\/span><\/p>\n<p><b>B)<\/b><span style=\"font-weight: 400;\"> Es vol propiciar la <\/span><b>consci\u00e8ncia cr\u00edtica<\/b><span style=\"font-weight: 400;\"> sobre el funcionament del m\u00f3n, les difer\u00e8ncies entre pa\u00efsos, les desigualtats i les injust\u00edcies socials, la pobresa i l\u2019exclusi\u00f3; i tamb\u00e9\u00a0 sobre all\u00f2 que les causa.<\/span><\/p>\n<p><b>C)<\/b><span style=\"font-weight: 400;\"> Es vol promoure la <\/span><b>solidaritat<\/b><span style=\"font-weight: 400;\"> com a alternativa personal i social per fer un m\u00f3n m\u00e9s just i equitatiu creant\u00a0 cultura als centres educatius i als entorns propers als projectes.<\/span><\/p>\n<p><b>D)<\/b><span style=\"font-weight: 400;\"> L\u2019objectiu final dels projectes no \u00e9s l\u2019\u00e8xit de les activitats que els i les joves duguin a terme,\u00a0 sin\u00f3 els <\/span><b>processos personals i col\u00b7lectius<\/b><span style=\"font-weight: 400;\"> que fan, tamb\u00e9 el frac\u00e0s \u00e9s una ocasi\u00f3 educativa per aprendre.<\/span><\/p>\n<p><b>E)<\/b><span style=\"font-weight: 400;\"> La <\/span><b>conviv\u00e8ncia<\/b><span style=\"font-weight: 400;\"> en aquest marc esdev\u00e9 plena de valors impl\u00edcits: igualtat de g\u00e8nere, di\u00e0leg, toler\u00e0ncia, pau, empatia, esfor\u00e7, assertivitat, autoestima, sociabilitat, cooperaci\u00f3, interculturalitat, responsabilitat, alegria, etc.<\/span><\/p>\n<p><b>F)<\/b><span style=\"font-weight: 400;\"> La <\/span><b>metodologia<\/b><span style=\"font-weight: 400;\"> emprada \u00e9s experiencial, activa i participativa per fomentar\u00a0 la creativitat, el desenvolupament de les\u00a0 capacitats personals i el seu protagonisme.\u00a0 Les activitats seran elegides, dissenyades i executades pels i les participants.<\/span><\/p>\n<p><b>G)<\/b><span style=\"font-weight: 400;\"> Es proposa que en el futur hi incorporin la <\/span><b>participaci\u00f3 social<\/b><span style=\"font-weight: 400;\"> com a clau valuosa a la seva vida.<\/span><\/p>\n<p><a href=\"https:\/\/agora.xtec.cat\/iespauclaris\/general\/can-valent\/attachment\/visita_hort_2_lr-carolina-noronha-martinez\/\" rel=\"attachment wp-att-3010\"><img loading=\"lazy\" decoding=\"async\" class=\"alignnone size-thumbnail wp-image-3010\" src=\"https:\/\/agora.xtec.cat\/iespauclaris\/wp-content\/uploads\/usu835\/2022\/04\/visita_hort_2_lr-Carolina-Noronha-Martinez-150x150.jpg\" alt=\"\" width=\"150\" height=\"150\" \/><\/a>\u00a0<a href=\"https:\/\/agora.xtec.cat\/iespauclaris\/general\/can-valent\/attachment\/visita_hort_5_lr-carolina-noronha-martinez\/\" rel=\"attachment wp-att-3013\"><img loading=\"lazy\" decoding=\"async\" class=\"alignnone size-thumbnail wp-image-3013\" src=\"https:\/\/agora.xtec.cat\/iespauclaris\/wp-content\/uploads\/usu835\/2022\/04\/visita_hort_5_lr-Carolina-Noronha-Martinez-150x150.jpg\" alt=\"\" width=\"150\" height=\"150\" \/> <\/a><a href=\"https:\/\/agora.xtec.cat\/iespauclaris\/general\/3r-amb-veu-i-brot\/attachment\/vb1\/\" rel=\"attachment wp-att-3373\"><img loading=\"lazy\" decoding=\"async\" class=\"alignnone size-thumbnail wp-image-3373\" src=\"https:\/\/agora.xtec.cat\/iespauclaris\/wp-content\/uploads\/usu835\/2022\/06\/VB1-150x150.jpeg\" alt=\"\" width=\"150\" height=\"150\" srcset=\"https:\/\/agora.xtec.cat\/iespauclaris\/wp-content\/uploads\/usu835\/2022\/06\/VB1-150x150.jpeg 150w, https:\/\/agora.xtec.cat\/iespauclaris\/wp-content\/uploads\/usu835\/2022\/06\/VB1-300x300.jpeg 300w, https:\/\/agora.xtec.cat\/iespauclaris\/wp-content\/uploads\/usu835\/2022\/06\/VB1.jpeg 512w\" sizes=\"auto, (max-width: 150px) 100vw, 150px\" \/> <\/a><a href=\"https:\/\/agora.xtec.cat\/iespauclaris\/general\/3r-amb-veu-i-brot\/attachment\/vb2\/\" rel=\"attachment wp-att-3376\"><img loading=\"lazy\" decoding=\"async\" class=\"alignnone size-thumbnail wp-image-3376\" src=\"https:\/\/agora.xtec.cat\/iespauclaris\/wp-content\/uploads\/usu835\/2022\/06\/VB2-150x150.jpg\" alt=\"\" width=\"150\" height=\"150\" srcset=\"https:\/\/agora.xtec.cat\/iespauclaris\/wp-content\/uploads\/usu835\/2022\/06\/VB2-150x150.jpg 150w, https:\/\/agora.xtec.cat\/iespauclaris\/wp-content\/uploads\/usu835\/2022\/06\/VB2-300x300.jpg 300w, https:\/\/agora.xtec.cat\/iespauclaris\/wp-content\/uploads\/usu835\/2022\/06\/VB2.jpg 512w\" sizes=\"auto, (max-width: 150px) 100vw, 150px\" \/><\/a><\/p>\n<p>&nbsp;<\/p>\n","protected":false},"excerpt":{"rendered":"<p>Enguany, l\u2019alumnat de 3r d\u2019ESO ha estat molt implicat en el projecte d\u2019aprenentatge i servei Veu i Brot, en col\u00b7laboraci\u00f3 amb la <a href=\"https:\/\/www.fundacionadsis.org\/ca\/barcelona\/noticias\/el-primer-any-del-projecte-veu-i-brot\">Fundaci\u00f3 Adsis<\/a>. Han participat activament en el desenvolupament de diferents accions entorn al dret a una alimentaci\u00f3 adequada i al malbaratament alimentari.<br \/>\nVam&hellip;  <a href=\"https:\/\/agora.xtec.cat\/iespauclaris\/general\/3r-amb-veu-i-brot\/\" title=\"Read 3r amb Veu i Brot!\">Llegeix m\u00e9s\u00bb<\/a><\/p>\n","protected":false},"author":1,"featured_media":3009,"comment_status":"open","ping_status":"closed","sticky":false,"template":"","format":"standard","meta":{"_bbp_topic_count":0,"_bbp_reply_count":0,"_bbp_total_topic_count":0,"_bbp_total_reply_count":0,"_bbp_voice_count":0,"_bbp_anonymous_reply_count":0,"_bbp_topic_count_hidden":0,"_bbp_reply_count_hidden":0,"_bbp_forum_subforum_count":0,"footnotes":""},"categories":[6,1,29],"tags":[],"class_list":["post-3369","post","type-post","status-publish","format-standard","has-post-thumbnail","hentry","category-eso-3","category-general","category-portada"],"post_mailing_queue_ids":[],"_links":{"self":[{"href":"https:\/\/agora.xtec.cat\/iespauclaris\/wp-json\/wp\/v2\/posts\/3369","targetHints":{"allow":["GET"]}}],"collection":[{"href":"https:\/\/agora.xtec.cat\/iespauclaris\/wp-json\/wp\/v2\/posts"}],"about":[{"href":"https:\/\/agora.xtec.cat\/iespauclaris\/wp-json\/wp\/v2\/types\/post"}],"author":[{"embeddable":true,"href":"https:\/\/agora.xtec.cat\/iespauclaris\/wp-json\/wp\/v2\/users\/1"}],"replies":[{"embeddable":true,"href":"https:\/\/agora.xtec.cat\/iespauclaris\/wp-json\/wp\/v2\/comments?post=3369"}],"version-history":[{"count":3,"href":"https:\/\/agora.xtec.cat\/iespauclaris\/wp-json\/wp\/v2\/posts\/3369\/revisions"}],"predecessor-version":[{"id":3377,"href":"https:\/\/agora.xtec.cat\/iespauclaris\/wp-json\/wp\/v2\/posts\/3369\/revisions\/3377"}],"wp:featuredmedia":[{"embeddable":true,"href":"https:\/\/agora.xtec.cat\/iespauclaris\/wp-json\/wp\/v2\/media\/3009"}],"wp:attachment":[{"href":"https:\/\/agora.xtec.cat\/iespauclaris\/wp-json\/wp\/v2\/media?parent=3369"}],"wp:term":[{"taxonomy":"category","embeddable":true,"href":"https:\/\/agora.xtec.cat\/iespauclaris\/wp-json\/wp\/v2\/categories?post=3369"},{"taxonomy":"post_tag","embeddable":true,"href":"https:\/\/agora.xtec.cat\/iespauclaris\/wp-json\/wp\/v2\/tags?post=3369"}],"curies":[{"name":"wp","href":"https:\/\/api.w.org\/{rel}","templated":true}]}}