{"id":3359,"date":"2022-05-30T14:45:43","date_gmt":"2022-05-30T12:45:43","guid":{"rendered":"https:\/\/agora.xtec.cat\/iespauclaris\/?p=3359"},"modified":"2022-05-30T14:47:23","modified_gmt":"2022-05-30T12:47:23","slug":"memorial-democratic","status":"publish","type":"post","link":"https:\/\/agora.xtec.cat\/iespauclaris\/general\/memorial-democratic\/","title":{"rendered":"Memorial democr\u00e0tic"},"content":{"rendered":"<p dir=\"ltr\">Els nois i noies de 2n de Batxillerat el divendres 27 de maig despr\u00e9s de l&#8217;exposici\u00f3 <a href=\"https:\/\/memoria.gencat.cat\/ca\/actualitat\/activitats\/detalls\/activitatagenda\/Un-segle-de-republicanisme-catala-1900-2000.-Visio-panoramica-duna-cultura-politica\" target=\"_blank\" rel=\"noopener\"><b>Un segle de republicanisme catal\u00e0<\/b><\/a> al Memorial Democr\u00e0tic, han estat fent una ruta amb el Ra\u00fcl, educador genial i molt preparat del Memorial, pels <b>escenaris de la repressi\u00f3 franquista\u00a0<\/b>als carrers de Ciutat Vella.<br \/>\nLa primera etapa ha estat la\u00a0<b>repressi\u00f3 a l&#8217;\u00e0mbit educatiu <\/b>i vam parar<b>\u00a0al Grup Escolar Mil\u00e0 i Fontanals<\/b>, exemple d&#8217;escola republicana\u00a0 i de la nova pedagogia, on era directora la il\u00b7lustre pedagoga Rosa Sensat, escola bombardejada pels avions feixistes italians l&#8217;any 1938. En Ra\u00fcl ens ha ensenyat materials gr\u00e0fics sobre els dos models d&#8217;escola: la republicana i la franquista molt important per nosaltres que farem les PAU d&#8217;Hist\u00f2ria!<br \/>\nA la segona etapa ens han parlat de la\u00a0<b>repressi\u00f3\u00a0simb\u00f2lica\u00a0<\/b>i concretament dels\u00a0<b>canvis de noms dels carrers durant el franquisme<\/b>. Hem descobert una inscripci\u00f3 al darrere de l&#8217;esgl\u00e9sia de la pla\u00e7a del Pi que deia: Pla\u00e7a del milici\u00e0 desconegut, esborrada pel franquisme.\u00a0Reprimir i castigar la dissid\u00e8ncia far\u00e0 necessari un nou sistema pol\u00edtic, judicial i policial, i doncs la tercera etapa l&#8217;hem feta a la pla\u00e7a Sant Jaume pel parlar del\u00a0<b>desmantellament del sistema pol\u00edtic de la Segona\u00a0Rep\u00fablica<\/b>\u00a0i de<b>\u00a0la depuraci\u00f3 de c\u00e0rrecs\u00a0p\u00fablics.<\/b><br \/>\nL&#8217;\u00faltima etapa va ser davant la Catedral, on hem parlat de <b>rol de l&#8217;Esgl\u00e9sia cat\u00f2lica durant el franquisme<\/b>. Hem vist la inscripci\u00f3 enorme, recuperada amb el nom del fundador de la Falange, fill del dictador Primo de Rivera,\u00a0<b>Jos\u00e9 Antonio Primo de River<\/b>a que havia de ser-hi en qualsevol esgl\u00e9sia per recordar-lo com a m\u00e0rtir.<br \/>\nDavant de la Catedral hem parlat del model de\u00a0<b>fam\u00edlia\u00a0heteropatriarcal\u00a0<\/b>di<wbr \/>f\u00f3s per l&#8217;Esgl\u00e9sia, \u00fanic model possible durant el franquisme, del rol de la dona <b>\u00c1ngel del hogar<\/b>\u00a0i de<b> la repressi\u00f3 de qualsevol dissid\u00e8ncia sexual<\/b>. Vam tornar a parlar de les dones durant la Rep\u00fablica, de dret al vot, capacitat jur\u00eddica etc. i per concloure hem parlat de la<b>\u00a0repressi\u00f3 LGBT\u00a0<\/b>a\u00a0 la pres\u00f3 La Model i dels presos jutjats per la<b> Ley de Vagos y Maleantes del franquisme,<\/b> fins a esmentar les tortures realitzades a la Jefatura de Polic\u00eda de la Via Laietana.<\/p>\n<p dir=\"ltr\"><img loading=\"lazy\" decoding=\"async\" class=\"alignnone size-thumbnail wp-image-3364\" src=\"https:\/\/agora.xtec.cat\/iespauclaris\/wp-content\/uploads\/usu835\/2022\/05\/A7EED938-531B-4196-A732-4D1E0D4A3AFF-150x150.jpeg\" alt=\"\" width=\"150\" height=\"150\" srcset=\"https:\/\/agora.xtec.cat\/iespauclaris\/wp-content\/uploads\/usu835\/2022\/05\/A7EED938-531B-4196-A732-4D1E0D4A3AFF-150x150.jpeg 150w, https:\/\/agora.xtec.cat\/iespauclaris\/wp-content\/uploads\/usu835\/2022\/05\/A7EED938-531B-4196-A732-4D1E0D4A3AFF-300x300.jpeg 300w, https:\/\/agora.xtec.cat\/iespauclaris\/wp-content\/uploads\/usu835\/2022\/05\/A7EED938-531B-4196-A732-4D1E0D4A3AFF.jpeg 511w\" sizes=\"auto, (max-width: 150px) 100vw, 150px\" \/> <img loading=\"lazy\" decoding=\"async\" class=\"alignnone size-thumbnail wp-image-3365\" src=\"https:\/\/agora.xtec.cat\/iespauclaris\/wp-content\/uploads\/usu835\/2022\/05\/FCC77CDC-FB32-4788-B52E-D8EAD0BFE418-150x150.jpeg\" alt=\"\" width=\"150\" height=\"150\" srcset=\"https:\/\/agora.xtec.cat\/iespauclaris\/wp-content\/uploads\/usu835\/2022\/05\/FCC77CDC-FB32-4788-B52E-D8EAD0BFE418-150x150.jpeg 150w, https:\/\/agora.xtec.cat\/iespauclaris\/wp-content\/uploads\/usu835\/2022\/05\/FCC77CDC-FB32-4788-B52E-D8EAD0BFE418-300x300.jpeg 300w, https:\/\/agora.xtec.cat\/iespauclaris\/wp-content\/uploads\/usu835\/2022\/05\/FCC77CDC-FB32-4788-B52E-D8EAD0BFE418.jpeg 511w\" sizes=\"auto, (max-width: 150px) 100vw, 150px\" \/> <img loading=\"lazy\" decoding=\"async\" class=\"alignnone size-thumbnail wp-image-3362\" src=\"https:\/\/agora.xtec.cat\/iespauclaris\/wp-content\/uploads\/usu835\/2022\/05\/3580FEF0-EEF1-4E25-895E-A35C2946CE97-150x150.jpeg\" alt=\"\" width=\"150\" height=\"150\" srcset=\"https:\/\/agora.xtec.cat\/iespauclaris\/wp-content\/uploads\/usu835\/2022\/05\/3580FEF0-EEF1-4E25-895E-A35C2946CE97-150x150.jpeg 150w, https:\/\/agora.xtec.cat\/iespauclaris\/wp-content\/uploads\/usu835\/2022\/05\/3580FEF0-EEF1-4E25-895E-A35C2946CE97-300x300.jpeg 300w, https:\/\/agora.xtec.cat\/iespauclaris\/wp-content\/uploads\/usu835\/2022\/05\/3580FEF0-EEF1-4E25-895E-A35C2946CE97.jpeg 511w\" sizes=\"auto, (max-width: 150px) 100vw, 150px\" \/><\/p>\n","protected":false},"excerpt":{"rendered":"<p>Els nois i noies de 2n de Batxillerat el divendres 27 de maig despr\u00e9s de l&#8217;exposici\u00f3 <a href=\"https:\/\/memoria.gencat.cat\/ca\/actualitat\/activitats\/detalls\/activitatagenda\/Un-segle-de-republicanisme-catala-1900-2000.-Visio-panoramica-duna-cultura-politica\" target=\"_blank\" rel=\"noopener\">Un segle de republicanisme catal\u00e0<\/a> al Memorial Democr\u00e0tic, han estat fent una ruta amb el Ra\u00fcl, educador genial i molt preparat del Memorial, pels escenaris de&hellip;  <a href=\"https:\/\/agora.xtec.cat\/iespauclaris\/general\/memorial-democratic\/\" title=\"Read Memorial democr\u00e0tic\">Llegeix m\u00e9s\u00bb<\/a><\/p>\n","protected":false},"author":1,"featured_media":3360,"comment_status":"open","ping_status":"closed","sticky":false,"template":"","format":"standard","meta":{"_bbp_topic_count":0,"_bbp_reply_count":0,"_bbp_total_topic_count":0,"_bbp_total_reply_count":0,"_bbp_voice_count":0,"_bbp_anonymous_reply_count":0,"_bbp_topic_count_hidden":0,"_bbp_reply_count_hidden":0,"_bbp_forum_subforum_count":0,"footnotes":""},"categories":[8,1,29],"tags":[],"class_list":["post-3359","post","type-post","status-publish","format-standard","has-post-thumbnail","hentry","category-batxillerat","category-general","category-portada"],"post_mailing_queue_ids":[],"_links":{"self":[{"href":"https:\/\/agora.xtec.cat\/iespauclaris\/wp-json\/wp\/v2\/posts\/3359","targetHints":{"allow":["GET"]}}],"collection":[{"href":"https:\/\/agora.xtec.cat\/iespauclaris\/wp-json\/wp\/v2\/posts"}],"about":[{"href":"https:\/\/agora.xtec.cat\/iespauclaris\/wp-json\/wp\/v2\/types\/post"}],"author":[{"embeddable":true,"href":"https:\/\/agora.xtec.cat\/iespauclaris\/wp-json\/wp\/v2\/users\/1"}],"replies":[{"embeddable":true,"href":"https:\/\/agora.xtec.cat\/iespauclaris\/wp-json\/wp\/v2\/comments?post=3359"}],"version-history":[{"count":3,"href":"https:\/\/agora.xtec.cat\/iespauclaris\/wp-json\/wp\/v2\/posts\/3359\/revisions"}],"predecessor-version":[{"id":3368,"href":"https:\/\/agora.xtec.cat\/iespauclaris\/wp-json\/wp\/v2\/posts\/3359\/revisions\/3368"}],"wp:featuredmedia":[{"embeddable":true,"href":"https:\/\/agora.xtec.cat\/iespauclaris\/wp-json\/wp\/v2\/media\/3360"}],"wp:attachment":[{"href":"https:\/\/agora.xtec.cat\/iespauclaris\/wp-json\/wp\/v2\/media?parent=3359"}],"wp:term":[{"taxonomy":"category","embeddable":true,"href":"https:\/\/agora.xtec.cat\/iespauclaris\/wp-json\/wp\/v2\/categories?post=3359"},{"taxonomy":"post_tag","embeddable":true,"href":"https:\/\/agora.xtec.cat\/iespauclaris\/wp-json\/wp\/v2\/tags?post=3359"}],"curies":[{"name":"wp","href":"https:\/\/api.w.org\/{rel}","templated":true}]}}