{"id":3346,"date":"2022-05-29T13:45:08","date_gmt":"2022-05-29T11:45:08","guid":{"rendered":"https:\/\/agora.xtec.cat\/iespauclaris\/?p=3346"},"modified":"2022-05-30T09:46:40","modified_gmt":"2022-05-30T07:46:40","slug":"visita-professorat-de-centres-educatius","status":"publish","type":"post","link":"https:\/\/agora.xtec.cat\/iespauclaris\/eso\/visita-professorat-de-centres-educatius\/","title":{"rendered":"Visita professorat centres educatius"},"content":{"rendered":"<p>El divendres 27 de maig un grup de professors de diversos centres educatius de secund\u00e0ria ens van visitar per con\u00e8ixer de primera m\u00e0 el nostre projecte educatiu i el cam\u00ed recorregut amb una mostra de pr\u00e0ctiques educatives. L&#8217;alumnat del Claris en va ser el protagonista, explicant al professorat visitant com aprenen en el treball per projectes, com personalitzem els aprenentatges mitjan\u00e7ant els t\u00f2pics i les comissions, i com els acompanyem amb els plans personals. Les visites al centre generen noves oportunitats de consolidar els aprenentatges vivencialment. Moltes gr\u00e0cies per visitar-nos! <a href=\"https:\/\/twitter.com\/search?q=%23LaboratorideTransformaci%C3%B3&amp;src=typed_query\" target=\"_blank\" rel=\"noopener noreferrer\">#LaboratorideTransformaci\u00f3\u00a0<\/a><a href=\"https:\/\/twitter.com\/educaciocat\" target=\"_blank\" rel=\"noopener\">@educaciocat<\/a><span class=\"css-901oao css-16my406 r-poiln3 r-bcqeeo r-qvutc0\"><a href=\"https:\/\/twitter.com\/inslluisvives?lang=ca\" target=\"_blank\" rel=\"noopener\"> @InsLluisVives<\/a>\u00a0<a href=\"https:\/\/twitter.com\/inscanmas?lang=ca\" target=\"_blank\" rel=\"noopener\">@inscanmas<\/a>\u00a0<a href=\"https:\/\/twitter.com\/ins_pcadafalch?lang=ca\" target=\"_blank\" rel=\"noopener\">@ins_pcadafalch<\/a> <a href=\"https:\/\/twitter.com\/agmundet?lang=ca\" target=\"_blank\" rel=\"noopener\">@agmundet<\/a>\u00a0 <a href=\"https:\/\/twitter.com\/insjoanoro?lang=ca\" target=\"_blank\" rel=\"noopener\">@INSJoanOro<\/a> <a href=\"https:\/\/twitter.com\/ins_fribalta?lang=ca\" target=\"_blank\" rel=\"noopener\"><span class=\"\">@INS_FRibalta<\/span><\/a><\/span><\/p>\n<p><img loading=\"lazy\" decoding=\"async\" class=\"alignnone size-thumbnail wp-image-3347\" src=\"https:\/\/agora.xtec.cat\/iespauclaris\/wp-content\/uploads\/usu835\/2022\/05\/IMG_20220527_125639r-150x150.jpg\" alt=\"\" width=\"150\" height=\"150\" \/> <img loading=\"lazy\" decoding=\"async\" class=\"alignnone size-thumbnail wp-image-3348\" src=\"https:\/\/agora.xtec.cat\/iespauclaris\/wp-content\/uploads\/usu835\/2022\/05\/IMG_20220527_132145r-150x150.jpg\" alt=\"\" width=\"150\" height=\"150\" \/> <img loading=\"lazy\" decoding=\"async\" class=\"alignnone size-thumbnail wp-image-3349\" src=\"https:\/\/agora.xtec.cat\/iespauclaris\/wp-content\/uploads\/usu835\/2022\/05\/IMG_20220527_133506r-150x150.jpg\" alt=\"\" width=\"150\" height=\"150\" \/> <img loading=\"lazy\" decoding=\"async\" class=\"alignnone size-thumbnail wp-image-3351\" src=\"https:\/\/agora.xtec.cat\/iespauclaris\/wp-content\/uploads\/usu835\/2022\/05\/IMG_20220527_133628-150x150.jpg\" alt=\"\" width=\"150\" height=\"150\" \/> <img loading=\"lazy\" decoding=\"async\" class=\"alignnone size-thumbnail wp-image-3352\" src=\"https:\/\/agora.xtec.cat\/iespauclaris\/wp-content\/uploads\/usu835\/2022\/05\/IMG_20220527_135310-150x150.jpg\" alt=\"\" width=\"150\" height=\"150\" \/><\/p>\n<p>&nbsp;<\/p>\n","protected":false},"excerpt":{"rendered":"<p>El divendres 27 de maig un grup de professors de diversos centres educatius de secund\u00e0ria ens van visitar per con\u00e8ixer de primera m\u00e0 el nostre projecte educatiu i el cam\u00ed recorregut amb una mostra de pr\u00e0ctiques educatives. L&#8217;alumnat del Claris en va ser el protagonista,&hellip;  <a href=\"https:\/\/agora.xtec.cat\/iespauclaris\/eso\/visita-professorat-de-centres-educatius\/\" title=\"Read Visita professorat centres educatius\">Llegeix m\u00e9s\u00bb<\/a><\/p>\n","protected":false},"author":1,"featured_media":3350,"comment_status":"open","ping_status":"closed","sticky":false,"template":"","format":"standard","meta":{"_bbp_topic_count":0,"_bbp_reply_count":0,"_bbp_total_topic_count":0,"_bbp_total_reply_count":0,"_bbp_voice_count":0,"_bbp_anonymous_reply_count":0,"_bbp_topic_count_hidden":0,"_bbp_reply_count_hidden":0,"_bbp_forum_subforum_count":0,"footnotes":""},"categories":[3,29,102],"tags":[],"class_list":["post-3346","post","type-post","status-publish","format-standard","has-post-thumbnail","hentry","category-eso","category-portada","category-professorat"],"post_mailing_queue_ids":[],"_links":{"self":[{"href":"https:\/\/agora.xtec.cat\/iespauclaris\/wp-json\/wp\/v2\/posts\/3346","targetHints":{"allow":["GET"]}}],"collection":[{"href":"https:\/\/agora.xtec.cat\/iespauclaris\/wp-json\/wp\/v2\/posts"}],"about":[{"href":"https:\/\/agora.xtec.cat\/iespauclaris\/wp-json\/wp\/v2\/types\/post"}],"author":[{"embeddable":true,"href":"https:\/\/agora.xtec.cat\/iespauclaris\/wp-json\/wp\/v2\/users\/1"}],"replies":[{"embeddable":true,"href":"https:\/\/agora.xtec.cat\/iespauclaris\/wp-json\/wp\/v2\/comments?post=3346"}],"version-history":[{"count":3,"href":"https:\/\/agora.xtec.cat\/iespauclaris\/wp-json\/wp\/v2\/posts\/3346\/revisions"}],"predecessor-version":[{"id":3358,"href":"https:\/\/agora.xtec.cat\/iespauclaris\/wp-json\/wp\/v2\/posts\/3346\/revisions\/3358"}],"wp:featuredmedia":[{"embeddable":true,"href":"https:\/\/agora.xtec.cat\/iespauclaris\/wp-json\/wp\/v2\/media\/3350"}],"wp:attachment":[{"href":"https:\/\/agora.xtec.cat\/iespauclaris\/wp-json\/wp\/v2\/media?parent=3346"}],"wp:term":[{"taxonomy":"category","embeddable":true,"href":"https:\/\/agora.xtec.cat\/iespauclaris\/wp-json\/wp\/v2\/categories?post=3346"},{"taxonomy":"post_tag","embeddable":true,"href":"https:\/\/agora.xtec.cat\/iespauclaris\/wp-json\/wp\/v2\/tags?post=3346"}],"curies":[{"name":"wp","href":"https:\/\/api.w.org\/{rel}","templated":true}]}}