{"id":3329,"date":"2022-05-27T13:48:09","date_gmt":"2022-05-27T11:48:09","guid":{"rendered":"https:\/\/agora.xtec.cat\/iespauclaris\/?p=3329"},"modified":"2022-05-27T14:07:23","modified_gmt":"2022-05-27T12:07:23","slug":"graduacio-2n-de-batxillerat","status":"publish","type":"post","link":"https:\/\/agora.xtec.cat\/iespauclaris\/general\/graduacio-2n-de-batxillerat\/","title":{"rendered":"Graduaci\u00f3 2n de Batxillerat"},"content":{"rendered":"<p>Tot el que comen\u00e7a, s&#8217;acaba. La promoci\u00f3 de Batxillerat 2019-2021 ha celebrat el 26 de maig la seva festa de graduaci\u00f3. I aquest any s\u00ed, les fam\u00edlies han pogut venir al Claris! La festa ha estat plena d&#8217;emocions i d&#8217;esdeveniments. Amb la presentaci\u00f3 d&#8217;en Carlos i en Iago han pujat a l&#8217;escenari el Francesc (el director, com no), el Mar\u00e7al i la m\u00fasica de la trompa, l&#8217;Adriana i la pot\u00e8ncia de la seva veu amb acompanyaments, el Lluc (per partida doble) amb n\u00fameros acrob\u00e0tics i imitacions, els professors amb el Gaudeamus (no hi podia faltar!) i tota la promoci\u00f3 per recollir la serva orla. Moltes felicitats i molta energia per tot el que vindr\u00e0!!!! Gaudiu del <a href=\"https:\/\/drive.google.com\/file\/d\/1ppozyPOMIVssL0YY1h4cZ7yRg4Nh6ox4\/view?usp=sharing\" target=\"_blank\" rel=\"noopener\">v\u00eddeo<\/a>&#8230;<\/p>\n<p><img loading=\"lazy\" decoding=\"async\" class=\"alignnone size-thumbnail wp-image-3331\" src=\"https:\/\/agora.xtec.cat\/iespauclaris\/wp-content\/uploads\/usu835\/2022\/05\/IMG_3972-150x150.jpg\" alt=\"\" width=\"150\" height=\"150\" srcset=\"https:\/\/agora.xtec.cat\/iespauclaris\/wp-content\/uploads\/usu835\/2022\/05\/IMG_3972-150x150.jpg 150w, https:\/\/agora.xtec.cat\/iespauclaris\/wp-content\/uploads\/usu835\/2022\/05\/IMG_3972-300x300.jpg 300w, https:\/\/agora.xtec.cat\/iespauclaris\/wp-content\/uploads\/usu835\/2022\/05\/IMG_3972.jpg 418w\" sizes=\"auto, (max-width: 150px) 100vw, 150px\" \/>\u00a0<img loading=\"lazy\" decoding=\"async\" class=\"alignnone size-thumbnail wp-image-3332\" src=\"https:\/\/agora.xtec.cat\/iespauclaris\/wp-content\/uploads\/usu835\/2022\/05\/IMG_3995-150x150.jpg\" alt=\"\" width=\"150\" height=\"150\" srcset=\"https:\/\/agora.xtec.cat\/iespauclaris\/wp-content\/uploads\/usu835\/2022\/05\/IMG_3995-150x150.jpg 150w, https:\/\/agora.xtec.cat\/iespauclaris\/wp-content\/uploads\/usu835\/2022\/05\/IMG_3995-300x300.jpg 300w, https:\/\/agora.xtec.cat\/iespauclaris\/wp-content\/uploads\/usu835\/2022\/05\/IMG_3995.jpg 418w\" sizes=\"auto, (max-width: 150px) 100vw, 150px\" \/> <img loading=\"lazy\" decoding=\"async\" class=\"alignnone size-thumbnail wp-image-3341\" src=\"https:\/\/agora.xtec.cat\/iespauclaris\/wp-content\/uploads\/usu835\/2022\/05\/IMG_4031-150x150.jpg\" alt=\"\" width=\"150\" height=\"150\" srcset=\"https:\/\/agora.xtec.cat\/iespauclaris\/wp-content\/uploads\/usu835\/2022\/05\/IMG_4031-150x150.jpg 150w, https:\/\/agora.xtec.cat\/iespauclaris\/wp-content\/uploads\/usu835\/2022\/05\/IMG_4031-300x300.jpg 300w, https:\/\/agora.xtec.cat\/iespauclaris\/wp-content\/uploads\/usu835\/2022\/05\/IMG_4031.jpg 483w\" sizes=\"auto, (max-width: 150px) 100vw, 150px\" \/> <img loading=\"lazy\" decoding=\"async\" class=\"alignnone size-thumbnail wp-image-3333\" src=\"https:\/\/agora.xtec.cat\/iespauclaris\/wp-content\/uploads\/usu835\/2022\/05\/IMG_4041-150x150.jpg\" alt=\"\" width=\"150\" height=\"150\" srcset=\"https:\/\/agora.xtec.cat\/iespauclaris\/wp-content\/uploads\/usu835\/2022\/05\/IMG_4041-150x150.jpg 150w, https:\/\/agora.xtec.cat\/iespauclaris\/wp-content\/uploads\/usu835\/2022\/05\/IMG_4041-300x300.jpg 300w, https:\/\/agora.xtec.cat\/iespauclaris\/wp-content\/uploads\/usu835\/2022\/05\/IMG_4041.jpg 347w\" sizes=\"auto, (max-width: 150px) 100vw, 150px\" \/><\/p>\n<p><img loading=\"lazy\" decoding=\"async\" class=\"alignnone size-thumbnail wp-image-3334\" src=\"https:\/\/agora.xtec.cat\/iespauclaris\/wp-content\/uploads\/usu835\/2022\/05\/IMG_4044-150x150.jpg\" alt=\"\" width=\"150\" height=\"150\" srcset=\"https:\/\/agora.xtec.cat\/iespauclaris\/wp-content\/uploads\/usu835\/2022\/05\/IMG_4044-150x150.jpg 150w, https:\/\/agora.xtec.cat\/iespauclaris\/wp-content\/uploads\/usu835\/2022\/05\/IMG_4044-300x300.jpg 300w, https:\/\/agora.xtec.cat\/iespauclaris\/wp-content\/uploads\/usu835\/2022\/05\/IMG_4044.jpg 418w\" sizes=\"auto, (max-width: 150px) 100vw, 150px\" \/> <img loading=\"lazy\" decoding=\"async\" class=\"alignnone size-thumbnail wp-image-3330\" src=\"https:\/\/agora.xtec.cat\/iespauclaris\/wp-content\/uploads\/usu835\/2022\/05\/IMG_4068-150x150.jpg\" alt=\"\" width=\"150\" height=\"150\" srcset=\"https:\/\/agora.xtec.cat\/iespauclaris\/wp-content\/uploads\/usu835\/2022\/05\/IMG_4068-150x150.jpg 150w, https:\/\/agora.xtec.cat\/iespauclaris\/wp-content\/uploads\/usu835\/2022\/05\/IMG_4068-300x300.jpg 300w, https:\/\/agora.xtec.cat\/iespauclaris\/wp-content\/uploads\/usu835\/2022\/05\/IMG_4068.jpg 512w\" sizes=\"auto, (max-width: 150px) 100vw, 150px\" \/>\u00a0<img loading=\"lazy\" decoding=\"async\" class=\"alignnone size-thumbnail wp-image-3339\" src=\"https:\/\/agora.xtec.cat\/iespauclaris\/wp-content\/uploads\/usu835\/2022\/05\/IMG_4139-150x150.jpg\" alt=\"\" width=\"150\" height=\"150\" srcset=\"https:\/\/agora.xtec.cat\/iespauclaris\/wp-content\/uploads\/usu835\/2022\/05\/IMG_4139-150x150.jpg 150w, https:\/\/agora.xtec.cat\/iespauclaris\/wp-content\/uploads\/usu835\/2022\/05\/IMG_4139-300x300.jpg 300w, https:\/\/agora.xtec.cat\/iespauclaris\/wp-content\/uploads\/usu835\/2022\/05\/IMG_4139.jpg 417w\" sizes=\"auto, (max-width: 150px) 100vw, 150px\" \/> <img loading=\"lazy\" decoding=\"async\" class=\"alignnone size-thumbnail wp-image-3336\" style=\"font-family: inherit; font-size: 1em;\" src=\"https:\/\/agora.xtec.cat\/iespauclaris\/wp-content\/uploads\/usu835\/2022\/05\/IMG_4091-150x150.jpg\" alt=\"\" width=\"150\" height=\"150\" srcset=\"https:\/\/agora.xtec.cat\/iespauclaris\/wp-content\/uploads\/usu835\/2022\/05\/IMG_4091-150x150.jpg 150w, https:\/\/agora.xtec.cat\/iespauclaris\/wp-content\/uploads\/usu835\/2022\/05\/IMG_4091-300x300.jpg 300w, https:\/\/agora.xtec.cat\/iespauclaris\/wp-content\/uploads\/usu835\/2022\/05\/IMG_4091.jpg 418w\" sizes=\"auto, (max-width: 150px) 100vw, 150px\" \/> <span style=\"font-family: inherit; font-size: 1em;\">\u00a0<\/span><\/p>\n","protected":false},"excerpt":{"rendered":"<p>Tot el que comen\u00e7a, s&#8217;acaba. La promoci\u00f3 de Batxillerat 2019-2021 ha celebrat el 26 de maig la seva festa de graduaci\u00f3. I aquest any s\u00ed, les fam\u00edlies han pogut venir al Claris! La festa ha estat plena d&#8217;emocions i d&#8217;esdeveniments. Amb la presentaci\u00f3 d&#8217;en Carlos&hellip;  <a href=\"https:\/\/agora.xtec.cat\/iespauclaris\/general\/graduacio-2n-de-batxillerat\/\" title=\"Read Graduaci\u00f3 2n de Batxillerat\">Llegeix m\u00e9s\u00bb<\/a><\/p>\n","protected":false},"author":1,"featured_media":3337,"comment_status":"open","ping_status":"closed","sticky":false,"template":"","format":"standard","meta":{"_bbp_topic_count":0,"_bbp_reply_count":0,"_bbp_total_topic_count":0,"_bbp_total_reply_count":0,"_bbp_voice_count":0,"_bbp_anonymous_reply_count":0,"_bbp_topic_count_hidden":0,"_bbp_reply_count_hidden":0,"_bbp_forum_subforum_count":0,"footnotes":""},"categories":[8,1,29],"tags":[],"class_list":["post-3329","post","type-post","status-publish","format-standard","has-post-thumbnail","hentry","category-batxillerat","category-general","category-portada"],"post_mailing_queue_ids":[],"_links":{"self":[{"href":"https:\/\/agora.xtec.cat\/iespauclaris\/wp-json\/wp\/v2\/posts\/3329","targetHints":{"allow":["GET"]}}],"collection":[{"href":"https:\/\/agora.xtec.cat\/iespauclaris\/wp-json\/wp\/v2\/posts"}],"about":[{"href":"https:\/\/agora.xtec.cat\/iespauclaris\/wp-json\/wp\/v2\/types\/post"}],"author":[{"embeddable":true,"href":"https:\/\/agora.xtec.cat\/iespauclaris\/wp-json\/wp\/v2\/users\/1"}],"replies":[{"embeddable":true,"href":"https:\/\/agora.xtec.cat\/iespauclaris\/wp-json\/wp\/v2\/comments?post=3329"}],"version-history":[{"count":3,"href":"https:\/\/agora.xtec.cat\/iespauclaris\/wp-json\/wp\/v2\/posts\/3329\/revisions"}],"predecessor-version":[{"id":3344,"href":"https:\/\/agora.xtec.cat\/iespauclaris\/wp-json\/wp\/v2\/posts\/3329\/revisions\/3344"}],"wp:featuredmedia":[{"embeddable":true,"href":"https:\/\/agora.xtec.cat\/iespauclaris\/wp-json\/wp\/v2\/media\/3337"}],"wp:attachment":[{"href":"https:\/\/agora.xtec.cat\/iespauclaris\/wp-json\/wp\/v2\/media?parent=3329"}],"wp:term":[{"taxonomy":"category","embeddable":true,"href":"https:\/\/agora.xtec.cat\/iespauclaris\/wp-json\/wp\/v2\/categories?post=3329"},{"taxonomy":"post_tag","embeddable":true,"href":"https:\/\/agora.xtec.cat\/iespauclaris\/wp-json\/wp\/v2\/tags?post=3329"}],"curies":[{"name":"wp","href":"https:\/\/api.w.org\/{rel}","templated":true}]}}