{"id":3312,"date":"2022-05-26T13:58:24","date_gmt":"2022-05-26T11:58:24","guid":{"rendered":"https:\/\/agora.xtec.cat\/iespauclaris\/?p=3312"},"modified":"2022-05-26T14:29:16","modified_gmt":"2022-05-26T12:29:16","slug":"infografies-del-projecte-alia","status":"publish","type":"post","link":"https:\/\/agora.xtec.cat\/iespauclaris\/batxillerat\/infografies-del-projecte-alia\/","title":{"rendered":"Infografies del projecte ALIA"},"content":{"rendered":"<p>El passat divendres vint de maig els i les alumnes de 1r de Batxillerat van entregar el producte final del <a href=\"https:\/\/www.cccb.org\/ca\/activitats\/fitxa\/alia-les-ciutats-i-la-salut\/236700\" target=\"_blank\" rel=\"noopener\" data-saferedirecturl=\"https:\/\/www.google.com\/url?q=https:\/\/www.cccb.org\/ca\/activitats\/fitxa\/alia-les-ciutats-i-la-salut\/236700&amp;source=gmail&amp;ust=1653643460183000&amp;usg=AOvVaw2PHnBwkgb0K2rIUhzahL34\">Projecte ALIA del CCCB<\/a>: dues infografies i la seva mem\u00f2ria elaborades amb din\u00e0miques de treball cooperatiu per tot el grup-classe. El Projecte ALIA \u00e9s una iniciativa did\u00e0ctica del CCCB que hem desenvolupat durant el segon i\u00a0 tercer trimestre. Aquest \u00e9s el segon any consecutiu que el nostre centre \u00e9s escollit per participar en aquesta proposta educativa.<\/p>\n<p><img loading=\"lazy\" decoding=\"async\" class=\"alignnone size-thumbnail wp-image-3313\" src=\"https:\/\/agora.xtec.cat\/iespauclaris\/wp-content\/uploads\/usu835\/2022\/05\/IMG_20220520_140253r-150x150.jpg\" alt=\"\" width=\"150\" height=\"150\" \/> <img loading=\"lazy\" decoding=\"async\" class=\"alignnone size-thumbnail wp-image-3314\" src=\"https:\/\/agora.xtec.cat\/iespauclaris\/wp-content\/uploads\/usu835\/2022\/05\/IMG_20220520_140243r-150x150.jpg\" alt=\"\" width=\"150\" height=\"150\" \/> <img loading=\"lazy\" decoding=\"async\" class=\"alignnone size-thumbnail wp-image-3315\" src=\"https:\/\/agora.xtec.cat\/iespauclaris\/wp-content\/uploads\/usu835\/2022\/05\/IMG_20220520_140315r-150x150.jpg\" alt=\"\" width=\"150\" height=\"150\" \/>\u00a0<img loading=\"lazy\" decoding=\"async\" class=\"alignnone size-thumbnail wp-image-3319\" src=\"https:\/\/agora.xtec.cat\/iespauclaris\/wp-content\/uploads\/usu835\/2022\/05\/IMG_20220520_140537r-150x150.jpg\" alt=\"\" width=\"150\" height=\"150\" \/><\/p>\n<p>&nbsp;<\/p>\n","protected":false},"excerpt":{"rendered":"<p>El passat divendres vint de maig els i les alumnes de 1r de Batxillerat van entregar el producte final del <a href=\"https:\/\/www.cccb.org\/ca\/activitats\/fitxa\/alia-les-ciutats-i-la-salut\/236700\" target=\"_blank\" rel=\"noopener\" data-saferedirecturl=\"https:\/\/www.google.com\/url?q=https:\/\/www.cccb.org\/ca\/activitats\/fitxa\/alia-les-ciutats-i-la-salut\/236700&amp;source=gmail&amp;ust=1653643460183000&amp;usg=AOvVaw2PHnBwkgb0K2rIUhzahL34\">Projecte ALIA del CCCB<\/a>: dues infografies i la seva mem\u00f2ria elaborades amb din\u00e0miques de treball cooperatiu per tot el grup-classe. El&hellip;  <a href=\"https:\/\/agora.xtec.cat\/iespauclaris\/batxillerat\/infografies-del-projecte-alia\/\" title=\"Read Infografies del projecte ALIA\">Llegeix m\u00e9s\u00bb<\/a><\/p>\n","protected":false},"author":1,"featured_media":3320,"comment_status":"open","ping_status":"closed","sticky":false,"template":"","format":"standard","meta":{"_bbp_topic_count":0,"_bbp_reply_count":0,"_bbp_total_topic_count":0,"_bbp_total_reply_count":0,"_bbp_voice_count":0,"_bbp_anonymous_reply_count":0,"_bbp_topic_count_hidden":0,"_bbp_reply_count_hidden":0,"_bbp_forum_subforum_count":0,"footnotes":""},"categories":[8,29],"tags":[],"class_list":["post-3312","post","type-post","status-publish","format-standard","has-post-thumbnail","hentry","category-batxillerat","category-portada"],"post_mailing_queue_ids":[],"_links":{"self":[{"href":"https:\/\/agora.xtec.cat\/iespauclaris\/wp-json\/wp\/v2\/posts\/3312","targetHints":{"allow":["GET"]}}],"collection":[{"href":"https:\/\/agora.xtec.cat\/iespauclaris\/wp-json\/wp\/v2\/posts"}],"about":[{"href":"https:\/\/agora.xtec.cat\/iespauclaris\/wp-json\/wp\/v2\/types\/post"}],"author":[{"embeddable":true,"href":"https:\/\/agora.xtec.cat\/iespauclaris\/wp-json\/wp\/v2\/users\/1"}],"replies":[{"embeddable":true,"href":"https:\/\/agora.xtec.cat\/iespauclaris\/wp-json\/wp\/v2\/comments?post=3312"}],"version-history":[{"count":3,"href":"https:\/\/agora.xtec.cat\/iespauclaris\/wp-json\/wp\/v2\/posts\/3312\/revisions"}],"predecessor-version":[{"id":3327,"href":"https:\/\/agora.xtec.cat\/iespauclaris\/wp-json\/wp\/v2\/posts\/3312\/revisions\/3327"}],"wp:featuredmedia":[{"embeddable":true,"href":"https:\/\/agora.xtec.cat\/iespauclaris\/wp-json\/wp\/v2\/media\/3320"}],"wp:attachment":[{"href":"https:\/\/agora.xtec.cat\/iespauclaris\/wp-json\/wp\/v2\/media?parent=3312"}],"wp:term":[{"taxonomy":"category","embeddable":true,"href":"https:\/\/agora.xtec.cat\/iespauclaris\/wp-json\/wp\/v2\/categories?post=3312"},{"taxonomy":"post_tag","embeddable":true,"href":"https:\/\/agora.xtec.cat\/iespauclaris\/wp-json\/wp\/v2\/tags?post=3312"}],"curies":[{"name":"wp","href":"https:\/\/api.w.org\/{rel}","templated":true}]}}