{"id":3243,"date":"2022-05-18T09:31:30","date_gmt":"2022-05-18T07:31:30","guid":{"rendered":"https:\/\/agora.xtec.cat\/iespauclaris\/?p=3243"},"modified":"2022-05-18T09:34:35","modified_gmt":"2022-05-18T07:34:35","slug":"erasmus-per-professorat","status":"publish","type":"post","link":"https:\/\/agora.xtec.cat\/iespauclaris\/general\/erasmus-per-professorat\/","title":{"rendered":"Erasmus per professorat"},"content":{"rendered":"<p class=\"gmail_default\">Enguany l&#8217;Institut Pau Claris participa d&#8217;un projecte Erasmus per professorat. Aquest projecte s&#8217;engloba dins el <a href=\"https:\/\/projectes.xtec.cat\/transformacioenxarxa\/tag\/consorci-europeu\/\" target=\"_blank\" rel=\"noopener\">Consorci Europeu per a la Transformaci\u00f3 Educativa (CETE+)<\/a> on hi participen 14 serveis del Departament d&#8217;Educaci\u00f3 agrupats en micro-consorcis. El Pau Claris forma part del micro-consorci MATE (Micro-consorci per l&#8217;Acceleraci\u00f3 de la Transformaci\u00f3 Educativa) que busca impulsar programes d&#8217;innovaci\u00f3 i internacionalitzaci\u00f3 per consolidar un sistema educatiu inclusiu.<\/p>\n<p class=\"gmail_default\">Gr\u00e0cies al finan\u00e7ament europeu rebut per poder participar d&#8217;aquest projecte, el professor Oriol Costa ha pogut viatjar a Viena, la capital d&#8217;\u00c0ustria, per fer un\u00a0<i>job shadowing<\/i> a l&#8217;institut <a href=\"https:\/\/www.grg21f26.com\/\" target=\"_blank\" rel=\"noopener\">GRG21 Franklinstrasse 26<\/a>. A la imatge podem veure el nostre professor amb l&#8217;Anna Reichart, coordinadora de la mobilitat a l&#8217;institut austr\u00edac. A les imatges seg\u00fcents veureu l&#8217;institut de Viena per dins, amb la seva biblioteca, aules d&#8217;estudi i espai comuns.<\/p>\n<p>\u00a0<img loading=\"lazy\" decoding=\"async\" class=\"alignnone size-thumbnail wp-image-3245\" src=\"https:\/\/agora.xtec.cat\/iespauclaris\/wp-content\/uploads\/usu835\/2022\/05\/Foto-2-150x150.jpg\" alt=\"\" width=\"150\" height=\"150\" \/> <img loading=\"lazy\" decoding=\"async\" class=\"alignnone size-thumbnail wp-image-3246\" src=\"https:\/\/agora.xtec.cat\/iespauclaris\/wp-content\/uploads\/usu835\/2022\/05\/Foto-3-150x150.jpg\" alt=\"\" width=\"150\" height=\"150\" \/> <img loading=\"lazy\" decoding=\"async\" class=\"alignnone size-thumbnail wp-image-3247\" src=\"https:\/\/agora.xtec.cat\/iespauclaris\/wp-content\/uploads\/usu835\/2022\/05\/Foto-4-150x150.jpg\" alt=\"\" width=\"150\" height=\"150\" \/> <img loading=\"lazy\" decoding=\"async\" class=\"alignnone size-thumbnail wp-image-3248\" src=\"https:\/\/agora.xtec.cat\/iespauclaris\/wp-content\/uploads\/usu835\/2022\/05\/Foto-5-150x150.jpg\" alt=\"\" width=\"150\" height=\"150\" \/><\/p>\n<p class=\"gmail_default\">L&#8217;objectiu d&#8217;aquesta mobilitat Erasmus de professorat \u00e9s fomentar la transformaci\u00f3 educativa del Batxillerat a l&#8217;\u00e0mbit de gesti\u00f3 de centre, de professorat i d&#8217;alumnat. Sabem que les observacions de l&#8217;Oriol ens aportaran un gran nombre de canvis que mantindrem en el temps i ens permetran enriquir el nostre centre educatiu.<\/p>\n","protected":false},"excerpt":{"rendered":"<p>Enguany l&#8217;Institut Pau Claris participa d&#8217;un projecte Erasmus per professorat. Aquest projecte s&#8217;engloba dins el <a href=\"https:\/\/projectes.xtec.cat\/transformacioenxarxa\/tag\/consorci-europeu\/\" target=\"_blank\" rel=\"noopener\">Consorci Europeu per a la Transformaci\u00f3 Educativa (CETE+)<\/a> on hi participen 14 serveis del Departament d&#8217;Educaci\u00f3 agrupats en micro-consorcis. El Pau Claris forma part del micro-consorci MATE&hellip;  <a href=\"https:\/\/agora.xtec.cat\/iespauclaris\/general\/erasmus-per-professorat\/\" title=\"Read Erasmus per professorat\">Llegeix m\u00e9s\u00bb<\/a><\/p>\n","protected":false},"author":1,"featured_media":3244,"comment_status":"open","ping_status":"closed","sticky":false,"template":"","format":"standard","meta":{"_bbp_topic_count":0,"_bbp_reply_count":0,"_bbp_total_topic_count":0,"_bbp_total_reply_count":0,"_bbp_voice_count":0,"_bbp_anonymous_reply_count":0,"_bbp_topic_count_hidden":0,"_bbp_reply_count_hidden":0,"_bbp_forum_subforum_count":0,"footnotes":""},"categories":[1,29,102],"tags":[106,104,105,103],"class_list":["post-3243","post","type-post","status-publish","format-standard","has-post-thumbnail","hentry","category-general","category-portada","category-professorat","tag-epluscatedu","tag-cete","tag-mate","tag-mcmate"],"post_mailing_queue_ids":[],"_links":{"self":[{"href":"https:\/\/agora.xtec.cat\/iespauclaris\/wp-json\/wp\/v2\/posts\/3243","targetHints":{"allow":["GET"]}}],"collection":[{"href":"https:\/\/agora.xtec.cat\/iespauclaris\/wp-json\/wp\/v2\/posts"}],"about":[{"href":"https:\/\/agora.xtec.cat\/iespauclaris\/wp-json\/wp\/v2\/types\/post"}],"author":[{"embeddable":true,"href":"https:\/\/agora.xtec.cat\/iespauclaris\/wp-json\/wp\/v2\/users\/1"}],"replies":[{"embeddable":true,"href":"https:\/\/agora.xtec.cat\/iespauclaris\/wp-json\/wp\/v2\/comments?post=3243"}],"version-history":[{"count":2,"href":"https:\/\/agora.xtec.cat\/iespauclaris\/wp-json\/wp\/v2\/posts\/3243\/revisions"}],"predecessor-version":[{"id":3250,"href":"https:\/\/agora.xtec.cat\/iespauclaris\/wp-json\/wp\/v2\/posts\/3243\/revisions\/3250"}],"wp:featuredmedia":[{"embeddable":true,"href":"https:\/\/agora.xtec.cat\/iespauclaris\/wp-json\/wp\/v2\/media\/3244"}],"wp:attachment":[{"href":"https:\/\/agora.xtec.cat\/iespauclaris\/wp-json\/wp\/v2\/media?parent=3243"}],"wp:term":[{"taxonomy":"category","embeddable":true,"href":"https:\/\/agora.xtec.cat\/iespauclaris\/wp-json\/wp\/v2\/categories?post=3243"},{"taxonomy":"post_tag","embeddable":true,"href":"https:\/\/agora.xtec.cat\/iespauclaris\/wp-json\/wp\/v2\/tags?post=3243"}],"curies":[{"name":"wp","href":"https:\/\/api.w.org\/{rel}","templated":true}]}}