{"id":3194,"date":"2022-05-11T18:57:16","date_gmt":"2022-05-11T16:57:16","guid":{"rendered":"https:\/\/agora.xtec.cat\/iespauclaris\/?p=3194"},"modified":"2022-05-11T18:57:39","modified_gmt":"2022-05-11T16:57:39","slug":"cooperatives-a-sants","status":"publish","type":"post","link":"https:\/\/agora.xtec.cat\/iespauclaris\/general\/cooperatives-a-sants\/","title":{"rendered":"Cooperatives a Sants"},"content":{"rendered":"<p>Els de 1r de Batxillerat hem anat a Sants a con\u00e8ixer de ben a prop experi\u00e8ncies cooperativistes. Tot aix\u00f2 emmarcat en el projecte que estem\u00a0 duent a terme aquest tercer trimestre. Quins bons guies a <a href=\"https:\/\/canbatllo.org\/\" target=\"_blank\" rel=\"noopener\">Can Batll\u00f3<\/a> (l&#8217;immens espai comunitari i ve\u00efnal autogestionat) i a <a href=\"https:\/\/lacomunal.coop\/la-comunal-sants\/\" target=\"_blank\" rel=\"noopener\">La Comunal <\/a>(espai cultural cooperatiu que allotja a vuit entitats). Moltes gr\u00e0cies per obrir-nos les portes!<\/p>\n<p><img loading=\"lazy\" decoding=\"async\" class=\"alignnone size-thumbnail wp-image-3198\" src=\"https:\/\/agora.xtec.cat\/iespauclaris\/wp-content\/uploads\/usu835\/2022\/05\/IMG_2813-150x150.jpg\" alt=\"\" width=\"150\" height=\"150\" \/> <img loading=\"lazy\" decoding=\"async\" class=\"alignnone size-thumbnail wp-image-3199\" src=\"https:\/\/agora.xtec.cat\/iespauclaris\/wp-content\/uploads\/usu835\/2022\/05\/IMG_2796-150x150.jpg\" alt=\"\" width=\"150\" height=\"150\" \/> <img loading=\"lazy\" decoding=\"async\" class=\"alignnone size-thumbnail wp-image-3200\" src=\"https:\/\/agora.xtec.cat\/iespauclaris\/wp-content\/uploads\/usu835\/2022\/05\/IMG_2799-150x150.jpg\" alt=\"\" width=\"150\" height=\"150\" \/> <img loading=\"lazy\" decoding=\"async\" class=\"alignnone size-thumbnail wp-image-3201\" src=\"https:\/\/agora.xtec.cat\/iespauclaris\/wp-content\/uploads\/usu835\/2022\/05\/IMG_2800-150x150.jpg\" alt=\"\" width=\"150\" height=\"150\" \/><\/p>\n<p>&nbsp;<\/p>\n","protected":false},"excerpt":{"rendered":"<p>Els de 1r de Batxillerat hem anat a Sants a con\u00e8ixer de ben a prop experi\u00e8ncies cooperativistes. Tot aix\u00f2 emmarcat en el projecte que estem\u00a0 duent a terme aquest tercer trimestre. Quins bons guies a <a href=\"https:\/\/canbatllo.org\/\" target=\"_blank\" rel=\"noopener\">Can Batll\u00f3<\/a> (l&#8217;immens espai comunitari i ve\u00efnal&hellip;  <a href=\"https:\/\/agora.xtec.cat\/iespauclaris\/general\/cooperatives-a-sants\/\" title=\"Read Cooperatives a Sants\">Llegeix m\u00e9s\u00bb<\/a><\/p>\n","protected":false},"author":1,"featured_media":3197,"comment_status":"open","ping_status":"closed","sticky":false,"template":"","format":"standard","meta":{"_bbp_topic_count":0,"_bbp_reply_count":0,"_bbp_total_topic_count":0,"_bbp_total_reply_count":0,"_bbp_voice_count":0,"_bbp_anonymous_reply_count":0,"_bbp_topic_count_hidden":0,"_bbp_reply_count_hidden":0,"_bbp_forum_subforum_count":0,"footnotes":""},"categories":[8,1,29],"tags":[],"class_list":["post-3194","post","type-post","status-publish","format-standard","has-post-thumbnail","hentry","category-batxillerat","category-general","category-portada"],"post_mailing_queue_ids":[],"_links":{"self":[{"href":"https:\/\/agora.xtec.cat\/iespauclaris\/wp-json\/wp\/v2\/posts\/3194","targetHints":{"allow":["GET"]}}],"collection":[{"href":"https:\/\/agora.xtec.cat\/iespauclaris\/wp-json\/wp\/v2\/posts"}],"about":[{"href":"https:\/\/agora.xtec.cat\/iespauclaris\/wp-json\/wp\/v2\/types\/post"}],"author":[{"embeddable":true,"href":"https:\/\/agora.xtec.cat\/iespauclaris\/wp-json\/wp\/v2\/users\/1"}],"replies":[{"embeddable":true,"href":"https:\/\/agora.xtec.cat\/iespauclaris\/wp-json\/wp\/v2\/comments?post=3194"}],"version-history":[{"count":2,"href":"https:\/\/agora.xtec.cat\/iespauclaris\/wp-json\/wp\/v2\/posts\/3194\/revisions"}],"predecessor-version":[{"id":3202,"href":"https:\/\/agora.xtec.cat\/iespauclaris\/wp-json\/wp\/v2\/posts\/3194\/revisions\/3202"}],"wp:featuredmedia":[{"embeddable":true,"href":"https:\/\/agora.xtec.cat\/iespauclaris\/wp-json\/wp\/v2\/media\/3197"}],"wp:attachment":[{"href":"https:\/\/agora.xtec.cat\/iespauclaris\/wp-json\/wp\/v2\/media?parent=3194"}],"wp:term":[{"taxonomy":"category","embeddable":true,"href":"https:\/\/agora.xtec.cat\/iespauclaris\/wp-json\/wp\/v2\/categories?post=3194"},{"taxonomy":"post_tag","embeddable":true,"href":"https:\/\/agora.xtec.cat\/iespauclaris\/wp-json\/wp\/v2\/tags?post=3194"}],"curies":[{"name":"wp","href":"https:\/\/api.w.org\/{rel}","templated":true}]}}