{"id":3170,"date":"2022-05-13T14:00:33","date_gmt":"2022-05-13T12:00:33","guid":{"rendered":"https:\/\/agora.xtec.cat\/iespauclaris\/?p=3170"},"modified":"2022-05-18T05:07:45","modified_gmt":"2022-05-18T03:07:45","slug":"iniciem-la-setmana-erasmus","status":"publish","type":"post","link":"https:\/\/agora.xtec.cat\/iespauclaris\/general\/iniciem-la-setmana-erasmus\/","title":{"rendered":"Setmana Erasmus+"},"content":{"rendered":"<p>Durant la setmana que han estat els alumnes i el professorat de l&#8217;<a href=\"http:\/\/struensee-gymnasium.de\/\" target=\"_blank\" rel=\"noopener\">Struensee Gymnasium<\/a> d&#8217;Hamburg els hem fet l&#8217;acollida al centre i hem dut a terme un conjunt d&#8217;activitats que hem dissenyat l&#8217;alumnat de 3r d&#8217;ESO. Que interessants, entre d&#8217;altres, les sortides a la platja i al Parc G\u00fcell! Aprenentatge en context, interculturalitat i compet\u00e8ncia pluriling\u00fc\u00edstica. Es pot demanar m\u00e9s? Una experi\u00e8ncia magn\u00edfica del projecte \u201cSailing towards a sustainable city\u201d \u00a0dins del programa Erasmus+. &#8220;Smooth Sailing towards a Sustainable City&#8221; @institutpauclaris @insta.struensee @sepie_gob \u00a0@ErasmusPlusSEPIE #erasmusplus. Aqu\u00ed algunes fotos i uns v\u00eddeos de reflexi\u00f3 de dues parelles d\u2019intercanvi: <a href=\"https:\/\/drive.google.com\/file\/d\/1-HbQfJVZR-Pn0QHiLOcNoYSIjNKzepQP\/view?usp=sharing\" target=\"_blank\" rel=\"noopener\">Mariona &amp; Jakob<\/a>\u00a0i <a href=\"https:\/\/drive.google.com\/file\/d\/1ExALroLPNYeLvgEuPM6-Pima4CiaPyVk\/view?usp=sharing\" target=\"_blank\" rel=\"noopener\">Luca &amp; Tom<\/a>. Sou molt grans!<\/p>\n<p><img loading=\"lazy\" decoding=\"async\" class=\"alignnone size-thumbnail wp-image-3236\" src=\"https:\/\/agora.xtec.cat\/iespauclaris\/wp-content\/uploads\/usu835\/2022\/05\/E2-150x150.jpeg\" alt=\"\" width=\"150\" height=\"150\" srcset=\"https:\/\/agora.xtec.cat\/iespauclaris\/wp-content\/uploads\/usu835\/2022\/05\/E2-150x150.jpeg 150w, https:\/\/agora.xtec.cat\/iespauclaris\/wp-content\/uploads\/usu835\/2022\/05\/E2-300x300.jpeg 300w, https:\/\/agora.xtec.cat\/iespauclaris\/wp-content\/uploads\/usu835\/2022\/05\/E2-768x768.jpeg 768w, https:\/\/agora.xtec.cat\/iespauclaris\/wp-content\/uploads\/usu835\/2022\/05\/E2.jpeg 785w\" sizes=\"auto, (max-width: 150px) 100vw, 150px\" \/> <img loading=\"lazy\" decoding=\"async\" class=\"alignnone wp-image-3237 size-thumbnail\" src=\"https:\/\/agora.xtec.cat\/iespauclaris\/wp-content\/uploads\/usu835\/2022\/05\/E3-150x150.jpeg\" alt=\"\" width=\"150\" height=\"150\" srcset=\"https:\/\/agora.xtec.cat\/iespauclaris\/wp-content\/uploads\/usu835\/2022\/05\/E3-150x150.jpeg 150w, https:\/\/agora.xtec.cat\/iespauclaris\/wp-content\/uploads\/usu835\/2022\/05\/E3-300x300.jpeg 300w, https:\/\/agora.xtec.cat\/iespauclaris\/wp-content\/uploads\/usu835\/2022\/05\/E3-1024x1024.jpeg 1024w, https:\/\/agora.xtec.cat\/iespauclaris\/wp-content\/uploads\/usu835\/2022\/05\/E3-768x768.jpeg 768w, https:\/\/agora.xtec.cat\/iespauclaris\/wp-content\/uploads\/usu835\/2022\/05\/E3.jpeg 1417w\" sizes=\"auto, (max-width: 150px) 100vw, 150px\" \/> <img loading=\"lazy\" decoding=\"async\" class=\"alignnone wp-image-3238 size-thumbnail\" src=\"https:\/\/agora.xtec.cat\/iespauclaris\/wp-content\/uploads\/usu835\/2022\/05\/E1-150x150.jpeg\" alt=\"\" width=\"150\" height=\"150\" srcset=\"https:\/\/agora.xtec.cat\/iespauclaris\/wp-content\/uploads\/usu835\/2022\/05\/E1-150x150.jpeg 150w, https:\/\/agora.xtec.cat\/iespauclaris\/wp-content\/uploads\/usu835\/2022\/05\/E1-300x300.jpeg 300w, https:\/\/agora.xtec.cat\/iespauclaris\/wp-content\/uploads\/usu835\/2022\/05\/E1-768x768.jpeg 768w, https:\/\/agora.xtec.cat\/iespauclaris\/wp-content\/uploads\/usu835\/2022\/05\/E1.jpeg 950w\" sizes=\"auto, (max-width: 150px) 100vw, 150px\" \/> <img loading=\"lazy\" decoding=\"async\" class=\"alignnone size-thumbnail wp-image-3240\" src=\"https:\/\/agora.xtec.cat\/iespauclaris\/wp-content\/uploads\/usu835\/2022\/05\/E5-150x150.jpeg\" alt=\"\" width=\"150\" height=\"150\" srcset=\"https:\/\/agora.xtec.cat\/iespauclaris\/wp-content\/uploads\/usu835\/2022\/05\/E5-150x150.jpeg 150w, https:\/\/agora.xtec.cat\/iespauclaris\/wp-content\/uploads\/usu835\/2022\/05\/E5-300x300.jpeg 300w, https:\/\/agora.xtec.cat\/iespauclaris\/wp-content\/uploads\/usu835\/2022\/05\/E5-1024x1024.jpeg 1024w, https:\/\/agora.xtec.cat\/iespauclaris\/wp-content\/uploads\/usu835\/2022\/05\/E5-768x768.jpeg 768w, https:\/\/agora.xtec.cat\/iespauclaris\/wp-content\/uploads\/usu835\/2022\/05\/E5.jpeg 1417w\" sizes=\"auto, (max-width: 150px) 100vw, 150px\" \/><\/p>\n<p>&nbsp;<\/p>\n","protected":false},"excerpt":{"rendered":"<p>Durant la setmana que han estat els alumnes i el professorat de l&#8217;<a href=\"http:\/\/struensee-gymnasium.de\/\" target=\"_blank\" rel=\"noopener\">Struensee Gymnasium<\/a> d&#8217;Hamburg els hem fet l&#8217;acollida al centre i hem dut a terme un conjunt d&#8217;activitats que hem dissenyat l&#8217;alumnat de 3r d&#8217;ESO. Que interessants, entre d&#8217;altres, les sortides&hellip;  <a href=\"https:\/\/agora.xtec.cat\/iespauclaris\/general\/iniciem-la-setmana-erasmus\/\" title=\"Read Setmana Erasmus+\">Llegeix m\u00e9s\u00bb<\/a><\/p>\n","protected":false},"author":1,"featured_media":3232,"comment_status":"open","ping_status":"closed","sticky":false,"template":"","format":"standard","meta":{"_bbp_topic_count":0,"_bbp_reply_count":0,"_bbp_total_topic_count":0,"_bbp_total_reply_count":0,"_bbp_voice_count":0,"_bbp_anonymous_reply_count":0,"_bbp_topic_count_hidden":0,"_bbp_reply_count_hidden":0,"_bbp_forum_subforum_count":0,"footnotes":""},"categories":[6,1,29],"tags":[],"class_list":["post-3170","post","type-post","status-publish","format-standard","has-post-thumbnail","hentry","category-eso-3","category-general","category-portada"],"post_mailing_queue_ids":[],"_links":{"self":[{"href":"https:\/\/agora.xtec.cat\/iespauclaris\/wp-json\/wp\/v2\/posts\/3170","targetHints":{"allow":["GET"]}}],"collection":[{"href":"https:\/\/agora.xtec.cat\/iespauclaris\/wp-json\/wp\/v2\/posts"}],"about":[{"href":"https:\/\/agora.xtec.cat\/iespauclaris\/wp-json\/wp\/v2\/types\/post"}],"author":[{"embeddable":true,"href":"https:\/\/agora.xtec.cat\/iespauclaris\/wp-json\/wp\/v2\/users\/1"}],"replies":[{"embeddable":true,"href":"https:\/\/agora.xtec.cat\/iespauclaris\/wp-json\/wp\/v2\/comments?post=3170"}],"version-history":[{"count":3,"href":"https:\/\/agora.xtec.cat\/iespauclaris\/wp-json\/wp\/v2\/posts\/3170\/revisions"}],"predecessor-version":[{"id":3242,"href":"https:\/\/agora.xtec.cat\/iespauclaris\/wp-json\/wp\/v2\/posts\/3170\/revisions\/3242"}],"wp:featuredmedia":[{"embeddable":true,"href":"https:\/\/agora.xtec.cat\/iespauclaris\/wp-json\/wp\/v2\/media\/3232"}],"wp:attachment":[{"href":"https:\/\/agora.xtec.cat\/iespauclaris\/wp-json\/wp\/v2\/media?parent=3170"}],"wp:term":[{"taxonomy":"category","embeddable":true,"href":"https:\/\/agora.xtec.cat\/iespauclaris\/wp-json\/wp\/v2\/categories?post=3170"},{"taxonomy":"post_tag","embeddable":true,"href":"https:\/\/agora.xtec.cat\/iespauclaris\/wp-json\/wp\/v2\/tags?post=3170"}],"curies":[{"name":"wp","href":"https:\/\/api.w.org\/{rel}","templated":true}]}}