{"id":3163,"date":"2022-05-10T13:33:23","date_gmt":"2022-05-10T11:33:23","guid":{"rendered":"https:\/\/agora.xtec.cat\/iespauclaris\/?p=3163"},"modified":"2022-05-10T20:31:50","modified_gmt":"2022-05-10T18:31:50","slug":"visita-de-centres-educatius-de-les-illes-balears","status":"publish","type":"post","link":"https:\/\/agora.xtec.cat\/iespauclaris\/general\/visita-de-centres-educatius-de-les-illes-balears\/","title":{"rendered":"Visita centres educatius Balears"},"content":{"rendered":"<p>Hem tingut el plaer de rebre professorat dels centres educatius de les Illes Balears per poder compartir el nostre projecte educatiu, les innovacions que hem anat implementant al centre per realitzar la transformaci\u00f3 educativa, l&#8217;organitzaci\u00f3 i les pr\u00e0ctiques d&#8217;aprenentatge que l&#8217;alumnat ha participat explicant-les. Hem entrat a les aules per tal que els alumnes puguin ser els relators de les activitats que fem al centre i hem fet un bon tast del treball per projectes de 3r d&#8217;ESO. Ens han visitat professorat de l&#8217;<a href=\"https:\/\/redols.caib.es\/c07013140\/\" target=\"_blank\" rel=\"noopener\">IES Binissalem<\/a>, l&#8217;<a href=\"https:\/\/iesporreres.cat\/\" target=\"_blank\" rel=\"noopener\">IES Porreres<\/a> i el <a href=\"https:\/\/cepmenorca.caib.es\/\" target=\"_blank\" rel=\"noopener\">CEP Menorca<\/a>. <span class=\"r-18u37iz\"><a class=\"css-4rbku5 css-18t94o4 css-901oao css-16my406 r-1cvl2hr r-1loqt21 r-poiln3 r-bcqeeo r-1ny4l3l r-1ddef8g r-tjvw6i r-qvutc0\" dir=\"ltr\" role=\"link\" href=\"https:\/\/twitter.com\/hashtag\/transformaci\u00f3educativa?src=hashtag_click\">#transformaci\u00f3educativa<\/a><\/span>. <span class=\"css-901oao css-16my406 r-poiln3 r-bcqeeo r-qvutc0\"><span class=\"\">@consorciedubcn.<\/span><\/span><\/p>\n<p><img loading=\"lazy\" decoding=\"async\" class=\"alignnone wp-image-3164 size-thumbnail\" src=\"https:\/\/agora.xtec.cat\/iespauclaris\/wp-content\/uploads\/usu835\/2022\/05\/IMG_3300r-150x150.jpg\" alt=\"\" width=\"150\" height=\"150\" \/> <img loading=\"lazy\" decoding=\"async\" class=\"alignnone wp-image-3165 size-thumbnail\" src=\"https:\/\/agora.xtec.cat\/iespauclaris\/wp-content\/uploads\/usu835\/2022\/05\/IMG_3310r-150x150.jpg\" alt=\"\" width=\"150\" height=\"150\" \/> <img loading=\"lazy\" decoding=\"async\" class=\"alignnone wp-image-3167 size-thumbnail\" src=\"https:\/\/agora.xtec.cat\/iespauclaris\/wp-content\/uploads\/usu835\/2022\/05\/IMG_3326r-150x150.jpg\" alt=\"\" width=\"150\" height=\"150\" \/> <img loading=\"lazy\" decoding=\"async\" class=\"alignnone wp-image-3166 size-thumbnail\" src=\"https:\/\/agora.xtec.cat\/iespauclaris\/wp-content\/uploads\/usu835\/2022\/05\/IMG_3302r-150x150.jpg\" alt=\"\" width=\"150\" height=\"150\" \/> <img loading=\"lazy\" decoding=\"async\" class=\"alignnone wp-image-3168 size-thumbnail\" src=\"https:\/\/agora.xtec.cat\/iespauclaris\/wp-content\/uploads\/usu835\/2022\/05\/IMG_3322r-150x150.jpg\" alt=\"\" width=\"150\" height=\"150\" \/><\/p>\n<p>&nbsp;<\/p>\n","protected":false},"excerpt":{"rendered":"<p>Hem tingut el plaer de rebre professorat dels centres educatius de les Illes Balears per poder compartir el nostre projecte educatiu, les innovacions que hem anat implementant al centre per realitzar la transformaci\u00f3 educativa, l&#8217;organitzaci\u00f3 i les pr\u00e0ctiques d&#8217;aprenentatge que l&#8217;alumnat ha participat explicant-les. Hem&hellip;  <a href=\"https:\/\/agora.xtec.cat\/iespauclaris\/general\/visita-de-centres-educatius-de-les-illes-balears\/\" title=\"Read Visita centres educatius Balears\">Llegeix m\u00e9s\u00bb<\/a><\/p>\n","protected":false},"author":1,"featured_media":3181,"comment_status":"open","ping_status":"closed","sticky":false,"template":"","format":"standard","meta":{"_bbp_topic_count":0,"_bbp_reply_count":0,"_bbp_total_topic_count":0,"_bbp_total_reply_count":0,"_bbp_voice_count":0,"_bbp_anonymous_reply_count":0,"_bbp_topic_count_hidden":0,"_bbp_reply_count_hidden":0,"_bbp_forum_subforum_count":0,"footnotes":""},"categories":[1,29,102],"tags":[],"class_list":["post-3163","post","type-post","status-publish","format-standard","has-post-thumbnail","hentry","category-general","category-portada","category-professorat"],"post_mailing_queue_ids":[],"_links":{"self":[{"href":"https:\/\/agora.xtec.cat\/iespauclaris\/wp-json\/wp\/v2\/posts\/3163","targetHints":{"allow":["GET"]}}],"collection":[{"href":"https:\/\/agora.xtec.cat\/iespauclaris\/wp-json\/wp\/v2\/posts"}],"about":[{"href":"https:\/\/agora.xtec.cat\/iespauclaris\/wp-json\/wp\/v2\/types\/post"}],"author":[{"embeddable":true,"href":"https:\/\/agora.xtec.cat\/iespauclaris\/wp-json\/wp\/v2\/users\/1"}],"replies":[{"embeddable":true,"href":"https:\/\/agora.xtec.cat\/iespauclaris\/wp-json\/wp\/v2\/comments?post=3163"}],"version-history":[{"count":3,"href":"https:\/\/agora.xtec.cat\/iespauclaris\/wp-json\/wp\/v2\/posts\/3163\/revisions"}],"predecessor-version":[{"id":3183,"href":"https:\/\/agora.xtec.cat\/iespauclaris\/wp-json\/wp\/v2\/posts\/3163\/revisions\/3183"}],"wp:featuredmedia":[{"embeddable":true,"href":"https:\/\/agora.xtec.cat\/iespauclaris\/wp-json\/wp\/v2\/media\/3181"}],"wp:attachment":[{"href":"https:\/\/agora.xtec.cat\/iespauclaris\/wp-json\/wp\/v2\/media?parent=3163"}],"wp:term":[{"taxonomy":"category","embeddable":true,"href":"https:\/\/agora.xtec.cat\/iespauclaris\/wp-json\/wp\/v2\/categories?post=3163"},{"taxonomy":"post_tag","embeddable":true,"href":"https:\/\/agora.xtec.cat\/iespauclaris\/wp-json\/wp\/v2\/tags?post=3163"}],"curies":[{"name":"wp","href":"https:\/\/api.w.org\/{rel}","templated":true}]}}