{"id":3101,"date":"2022-04-29T17:36:41","date_gmt":"2022-04-29T15:36:41","guid":{"rendered":"https:\/\/agora.xtec.cat\/iespauclaris\/?p=3101"},"modified":"2022-04-29T17:50:50","modified_gmt":"2022-04-29T15:50:50","slug":"ruta-exili-39","status":"publish","type":"post","link":"https:\/\/agora.xtec.cat\/iespauclaris\/general\/ruta-exili-39\/","title":{"rendered":"Ruta de l&#8217;Exili 39"},"content":{"rendered":"<p>Despr\u00e9s de treballar intensament la nostra hist\u00f2ria propera, els de 4t de l&#8217;ESO refem les passes de l&#8217;exili republic\u00e0 de 1939. Els principals punts de la nostra visita: la <a href=\"https:\/\/www.sapiens.cat\/epoca-historica\/historia-contemporania\/guerra-civil-i-franquisme\/la-maternitat-d-elna_11077_102.html\" target=\"_blank\" rel=\"noopener\">Maternitat d&#8217;Elna<\/a>, la <a href=\"https:\/\/cat.elpais.com\/cat\/2019\/02\/20\/cultura\/1550691833_301236.html\" target=\"_blank\" rel=\"noopener\">platja d&#8217;Argelers<\/a>, <a href=\"https:\/\/museuexili.cat\/images\/Documents\/fitxa9cat.pdf\" target=\"_blank\" rel=\"noopener\">Cotlliure<\/a> i el <a href=\"https:\/\/www.museuexili.cat\/ca\/\" target=\"_blank\" rel=\"noopener\">Museu Memorial de l&#8217;Exili<\/a>&#8230; Quina emoci\u00f3 compartida. Aqu\u00ed, a m\u00e9s de les fotos, un breu <a href=\"https:\/\/drive.google.com\/file\/d\/1aoeMFCXDzKNOnmMDFGmB12yw4QE8PgTc\/view?usp=sharing\" target=\"_blank\" rel=\"noopener\">v\u00eddeo<\/a> de pell de gallina.<\/p>\n<p><a href=\"https:\/\/agora.xtec.cat\/iespauclaris\/wp-content\/uploads\/usu835\/2022\/04\/Exili7-co\u0300pia.jpg\"><img loading=\"lazy\" decoding=\"async\" class=\"alignnone wp-image-3106 size-thumbnail\" src=\"https:\/\/agora.xtec.cat\/iespauclaris\/wp-content\/uploads\/usu835\/2022\/04\/Exili7-co\u0300pia-150x150.jpg\" alt=\"\" width=\"150\" height=\"150\" \/><\/a><a href=\"https:\/\/agora.xtec.cat\/iespauclaris\/wp-content\/uploads\/usu835\/2022\/04\/Exili1-co\u0300pia.jpg\"> <img loading=\"lazy\" decoding=\"async\" class=\"alignnone size-thumbnail wp-image-3102\" src=\"https:\/\/agora.xtec.cat\/iespauclaris\/wp-content\/uploads\/usu835\/2022\/04\/Exili1-co\u0300pia-150x150.jpg\" alt=\"\" width=\"150\" height=\"150\" srcset=\"https:\/\/agora.xtec.cat\/iespauclaris\/wp-content\/uploads\/usu835\/2022\/04\/Exili1-co\u0300pia-150x150.jpg 150w, https:\/\/agora.xtec.cat\/iespauclaris\/wp-content\/uploads\/usu835\/2022\/04\/Exili1-co\u0300pia-300x300.jpg 300w, https:\/\/agora.xtec.cat\/iespauclaris\/wp-content\/uploads\/usu835\/2022\/04\/Exili1-co\u0300pia-768x768.jpg 768w, https:\/\/agora.xtec.cat\/iespauclaris\/wp-content\/uploads\/usu835\/2022\/04\/Exili1-co\u0300pia.jpg 850w\" sizes=\"auto, (max-width: 150px) 100vw, 150px\" \/><\/a> <a href=\"https:\/\/agora.xtec.cat\/iespauclaris\/wp-content\/uploads\/usu835\/2022\/04\/Exili3-co\u0300pia.jpg\"><img loading=\"lazy\" decoding=\"async\" class=\"alignnone wp-image-3104 size-thumbnail\" src=\"https:\/\/agora.xtec.cat\/iespauclaris\/wp-content\/uploads\/usu835\/2022\/04\/Exili3-co\u0300pia-150x150.jpg\" alt=\"\" width=\"150\" height=\"150\" srcset=\"https:\/\/agora.xtec.cat\/iespauclaris\/wp-content\/uploads\/usu835\/2022\/04\/Exili3-co\u0300pia-150x150.jpg 150w, https:\/\/agora.xtec.cat\/iespauclaris\/wp-content\/uploads\/usu835\/2022\/04\/Exili3-co\u0300pia-300x300.jpg 300w, https:\/\/agora.xtec.cat\/iespauclaris\/wp-content\/uploads\/usu835\/2022\/04\/Exili3-co\u0300pia-768x768.jpg 768w, https:\/\/agora.xtec.cat\/iespauclaris\/wp-content\/uploads\/usu835\/2022\/04\/Exili3-co\u0300pia.jpg 850w\" sizes=\"auto, (max-width: 150px) 100vw, 150px\" \/> <\/a><a href=\"https:\/\/agora.xtec.cat\/iespauclaris\/wp-content\/uploads\/usu835\/2022\/04\/Exili-00-co\u0300pia.jpg\"><img loading=\"lazy\" decoding=\"async\" class=\"alignnone size-thumbnail wp-image-3113\" src=\"https:\/\/agora.xtec.cat\/iespauclaris\/wp-content\/uploads\/usu835\/2022\/04\/Exili-00-co\u0300pia-150x150.jpg\" alt=\"\" width=\"150\" height=\"150\" srcset=\"https:\/\/agora.xtec.cat\/iespauclaris\/wp-content\/uploads\/usu835\/2022\/04\/Exili-00-co\u0300pia-150x150.jpg 150w, https:\/\/agora.xtec.cat\/iespauclaris\/wp-content\/uploads\/usu835\/2022\/04\/Exili-00-co\u0300pia-300x300.jpg 300w, https:\/\/agora.xtec.cat\/iespauclaris\/wp-content\/uploads\/usu835\/2022\/04\/Exili-00-co\u0300pia-768x768.jpg 768w, https:\/\/agora.xtec.cat\/iespauclaris\/wp-content\/uploads\/usu835\/2022\/04\/Exili-00-co\u0300pia.jpg 850w\" sizes=\"auto, (max-width: 150px) 100vw, 150px\" \/><\/a><\/p>\n<p><a href=\"https:\/\/agora.xtec.cat\/iespauclaris\/wp-content\/uploads\/usu835\/2022\/04\/Exili-0.jpeg\"><img loading=\"lazy\" decoding=\"async\" class=\"alignnone size-thumbnail wp-image-3114\" src=\"https:\/\/agora.xtec.cat\/iespauclaris\/wp-content\/uploads\/usu835\/2022\/04\/Exili-0-150x150.jpeg\" alt=\"\" width=\"150\" height=\"150\" \/><\/a><a href=\"https:\/\/agora.xtec.cat\/iespauclaris\/wp-content\/uploads\/usu835\/2022\/04\/Exili4-co\u0300pia.jpg\"> <img loading=\"lazy\" decoding=\"async\" class=\"alignnone wp-image-3108 size-thumbnail\" src=\"https:\/\/agora.xtec.cat\/iespauclaris\/wp-content\/uploads\/usu835\/2022\/04\/Exili4-co\u0300pia-150x150.jpg\" alt=\"\" width=\"150\" height=\"150\" \/> <\/a><a href=\"https:\/\/agora.xtec.cat\/iespauclaris\/wp-content\/uploads\/usu835\/2022\/04\/Exili6-co\u0300pia.jpg\"><img loading=\"lazy\" decoding=\"async\" class=\"alignnone wp-image-3105 size-thumbnail\" src=\"https:\/\/agora.xtec.cat\/iespauclaris\/wp-content\/uploads\/usu835\/2022\/04\/Exili6-co\u0300pia-150x150.jpg\" alt=\"\" width=\"150\" height=\"150\" srcset=\"https:\/\/agora.xtec.cat\/iespauclaris\/wp-content\/uploads\/usu835\/2022\/04\/Exili6-co\u0300pia-150x150.jpg 150w, https:\/\/agora.xtec.cat\/iespauclaris\/wp-content\/uploads\/usu835\/2022\/04\/Exili6-co\u0300pia-300x300.jpg 300w, https:\/\/agora.xtec.cat\/iespauclaris\/wp-content\/uploads\/usu835\/2022\/04\/Exili6-co\u0300pia-768x768.jpg 768w, https:\/\/agora.xtec.cat\/iespauclaris\/wp-content\/uploads\/usu835\/2022\/04\/Exili6-co\u0300pia.jpg 850w\" sizes=\"auto, (max-width: 150px) 100vw, 150px\" \/><\/a><a href=\"https:\/\/agora.xtec.cat\/iespauclaris\/wp-content\/uploads\/usu835\/2022\/04\/Exili5-co\u0300pia.jpg\"> <img loading=\"lazy\" decoding=\"async\" class=\"alignnone wp-image-3103 size-thumbnail\" src=\"https:\/\/agora.xtec.cat\/iespauclaris\/wp-content\/uploads\/usu835\/2022\/04\/Exili5-co\u0300pia-150x150.jpg\" alt=\"\" width=\"150\" height=\"150\" \/><\/a><\/p>\n","protected":false},"excerpt":{"rendered":"<p>Despr\u00e9s de treballar intensament la nostra hist\u00f2ria propera, els de 4t de l&#8217;ESO refem les passes de l&#8217;exili republic\u00e0 de 1939. Els principals punts de la nostra visita: la <a href=\"https:\/\/www.sapiens.cat\/epoca-historica\/historia-contemporania\/guerra-civil-i-franquisme\/la-maternitat-d-elna_11077_102.html\" target=\"_blank\" rel=\"noopener\">Maternitat d&#8217;Elna<\/a>, la <a href=\"https:\/\/cat.elpais.com\/cat\/2019\/02\/20\/cultura\/1550691833_301236.html\" target=\"_blank\" rel=\"noopener\">platja d&#8217;Argelers<\/a>, <a href=\"https:\/\/museuexili.cat\/images\/Documents\/fitxa9cat.pdf\" target=\"_blank\" rel=\"noopener\">Cotlliure<\/a> i&hellip;  <a href=\"https:\/\/agora.xtec.cat\/iespauclaris\/general\/ruta-exili-39\/\" title=\"Read Ruta de l&#8217;Exili 39\">Llegeix m\u00e9s\u00bb<\/a><\/p>\n","protected":false},"author":1,"featured_media":3107,"comment_status":"open","ping_status":"closed","sticky":false,"template":"","format":"standard","meta":{"_bbp_topic_count":0,"_bbp_reply_count":0,"_bbp_total_topic_count":0,"_bbp_total_reply_count":0,"_bbp_voice_count":0,"_bbp_anonymous_reply_count":0,"_bbp_topic_count_hidden":0,"_bbp_reply_count_hidden":0,"_bbp_forum_subforum_count":0,"footnotes":""},"categories":[7,1,29],"tags":[],"class_list":["post-3101","post","type-post","status-publish","format-standard","has-post-thumbnail","hentry","category-eso-4","category-general","category-portada"],"post_mailing_queue_ids":[],"_links":{"self":[{"href":"https:\/\/agora.xtec.cat\/iespauclaris\/wp-json\/wp\/v2\/posts\/3101","targetHints":{"allow":["GET"]}}],"collection":[{"href":"https:\/\/agora.xtec.cat\/iespauclaris\/wp-json\/wp\/v2\/posts"}],"about":[{"href":"https:\/\/agora.xtec.cat\/iespauclaris\/wp-json\/wp\/v2\/types\/post"}],"author":[{"embeddable":true,"href":"https:\/\/agora.xtec.cat\/iespauclaris\/wp-json\/wp\/v2\/users\/1"}],"replies":[{"embeddable":true,"href":"https:\/\/agora.xtec.cat\/iespauclaris\/wp-json\/wp\/v2\/comments?post=3101"}],"version-history":[{"count":3,"href":"https:\/\/agora.xtec.cat\/iespauclaris\/wp-json\/wp\/v2\/posts\/3101\/revisions"}],"predecessor-version":[{"id":3115,"href":"https:\/\/agora.xtec.cat\/iespauclaris\/wp-json\/wp\/v2\/posts\/3101\/revisions\/3115"}],"wp:featuredmedia":[{"embeddable":true,"href":"https:\/\/agora.xtec.cat\/iespauclaris\/wp-json\/wp\/v2\/media\/3107"}],"wp:attachment":[{"href":"https:\/\/agora.xtec.cat\/iespauclaris\/wp-json\/wp\/v2\/media?parent=3101"}],"wp:term":[{"taxonomy":"category","embeddable":true,"href":"https:\/\/agora.xtec.cat\/iespauclaris\/wp-json\/wp\/v2\/categories?post=3101"},{"taxonomy":"post_tag","embeddable":true,"href":"https:\/\/agora.xtec.cat\/iespauclaris\/wp-json\/wp\/v2\/tags?post=3101"}],"curies":[{"name":"wp","href":"https:\/\/api.w.org\/{rel}","templated":true}]}}