{"id":3081,"date":"2022-04-28T16:49:39","date_gmt":"2022-04-28T14:49:39","guid":{"rendered":"https:\/\/agora.xtec.cat\/iespauclaris\/?p=3081"},"modified":"2022-05-06T14:01:52","modified_gmt":"2022-05-06T12:01:52","slug":"final-de-cine-projecte-wetubers","status":"publish","type":"post","link":"https:\/\/agora.xtec.cat\/iespauclaris\/general\/final-de-cine-projecte-wetubers\/","title":{"rendered":"Final de cine! Projecte WeTubers"},"content":{"rendered":"<p>Us presentem el projecte <strong>WeTubers<\/strong> en el qual han participat els alumnes de 2n d&#8217;ESO i personal qualificat. Aquest projecte consisteix a fer un v\u00eddeo on es reivindica algun dret o en denunciar alguna injust\u00edcia en col\u00b7laboraci\u00f3 amb els artistes del projecte MUS-E de la <a href=\"https:\/\/fundacionyehudimenuhin.org\/\" target=\"_blank\" rel=\"noopener\">Fundaci\u00f3 Yehudi Menuhin<\/a>.<\/p>\n<p>A la <strong>Festifest<\/strong> de cloenda vam demanar l&#8217;opini\u00f3 a diversos alumnes. Amb un cert nivell d&#8217;uni\u00f3, la majoria d&#8217;alumnat va arribar a la conclusi\u00f3 que amb els recursos que hi havia a m\u00e0 es va poder fer una gala agradable, entretinguda i plena d&#8217;emocions.<\/p>\n<p>Gr\u00e0cies a l&#8217;oportunitat de crear aquest projecte, l&#8217;alumnat ha pogut connectar amb el medi social, natural i amb l&#8217;alumnat d&#8217;altres cursos.<\/p>\n<p>El tema del v\u00eddeo guanyador \u00e9s la vulnerabilitat digital, \u00e9s a dir, sobre l&#8217;assetjament a les xarxes socials. L&#8217;equip est\u00e0 format per l&#8217;Ashly i la Tazum i amb la intervenci\u00f3 d&#8217;alumnes de 3r. Moltes felicitats! Tot un \u00e8xit!<\/p>\n<p><img loading=\"lazy\" decoding=\"async\" class=\"alignnone size-thumbnail wp-image-3128\" src=\"https:\/\/agora.xtec.cat\/iespauclaris\/wp-content\/uploads\/usu835\/2022\/04\/IMG_2980-3-150x150.jpg\" alt=\"\" width=\"150\" height=\"150\" \/> <img loading=\"lazy\" decoding=\"async\" class=\"alignnone size-thumbnail wp-image-3129\" src=\"https:\/\/agora.xtec.cat\/iespauclaris\/wp-content\/uploads\/usu835\/2022\/04\/IMG_3009-1-150x150.jpg\" alt=\"\" width=\"150\" height=\"150\" \/>\u00a0<img loading=\"lazy\" decoding=\"async\" class=\"alignnone size-thumbnail wp-image-3131\" src=\"https:\/\/agora.xtec.cat\/iespauclaris\/wp-content\/uploads\/usu835\/2022\/04\/IMG_3058-1-150x150.jpg\" alt=\"\" width=\"150\" height=\"150\" \/> <img loading=\"lazy\" decoding=\"async\" class=\"alignnone size-thumbnail wp-image-3132\" src=\"https:\/\/agora.xtec.cat\/iespauclaris\/wp-content\/uploads\/usu835\/2022\/04\/IMG_3083-1-150x150.jpg\" alt=\"\" width=\"150\" height=\"150\" \/><\/p>\n","protected":false},"excerpt":{"rendered":"<p>Us presentem el projecte WeTubers en el qual han participat els alumnes de 2n d&#8217;ESO i personal qualificat. Aquest projecte consisteix a fer un v\u00eddeo on es reivindica algun dret o en denunciar alguna injust\u00edcia en col\u00b7laboraci\u00f3 amb els artistes del projecte MUS-E de la&hellip;  <a href=\"https:\/\/agora.xtec.cat\/iespauclaris\/general\/final-de-cine-projecte-wetubers\/\" title=\"Read Final de cine! Projecte WeTubers\">Llegeix m\u00e9s\u00bb<\/a><\/p>\n","protected":false},"author":1,"featured_media":3130,"comment_status":"open","ping_status":"closed","sticky":false,"template":"","format":"standard","meta":{"_bbp_topic_count":0,"_bbp_reply_count":0,"_bbp_total_topic_count":0,"_bbp_total_reply_count":0,"_bbp_voice_count":0,"_bbp_anonymous_reply_count":0,"_bbp_topic_count_hidden":0,"_bbp_reply_count_hidden":0,"_bbp_forum_subforum_count":0,"footnotes":""},"categories":[5,1,29],"tags":[],"class_list":["post-3081","post","type-post","status-publish","format-standard","has-post-thumbnail","hentry","category-eso-2","category-general","category-portada"],"post_mailing_queue_ids":[],"_links":{"self":[{"href":"https:\/\/agora.xtec.cat\/iespauclaris\/wp-json\/wp\/v2\/posts\/3081","targetHints":{"allow":["GET"]}}],"collection":[{"href":"https:\/\/agora.xtec.cat\/iespauclaris\/wp-json\/wp\/v2\/posts"}],"about":[{"href":"https:\/\/agora.xtec.cat\/iespauclaris\/wp-json\/wp\/v2\/types\/post"}],"author":[{"embeddable":true,"href":"https:\/\/agora.xtec.cat\/iespauclaris\/wp-json\/wp\/v2\/users\/1"}],"replies":[{"embeddable":true,"href":"https:\/\/agora.xtec.cat\/iespauclaris\/wp-json\/wp\/v2\/comments?post=3081"}],"version-history":[{"count":4,"href":"https:\/\/agora.xtec.cat\/iespauclaris\/wp-json\/wp\/v2\/posts\/3081\/revisions"}],"predecessor-version":[{"id":3158,"href":"https:\/\/agora.xtec.cat\/iespauclaris\/wp-json\/wp\/v2\/posts\/3081\/revisions\/3158"}],"wp:featuredmedia":[{"embeddable":true,"href":"https:\/\/agora.xtec.cat\/iespauclaris\/wp-json\/wp\/v2\/media\/3130"}],"wp:attachment":[{"href":"https:\/\/agora.xtec.cat\/iespauclaris\/wp-json\/wp\/v2\/media?parent=3081"}],"wp:term":[{"taxonomy":"category","embeddable":true,"href":"https:\/\/agora.xtec.cat\/iespauclaris\/wp-json\/wp\/v2\/categories?post=3081"},{"taxonomy":"post_tag","embeddable":true,"href":"https:\/\/agora.xtec.cat\/iespauclaris\/wp-json\/wp\/v2\/tags?post=3081"}],"curies":[{"name":"wp","href":"https:\/\/api.w.org\/{rel}","templated":true}]}}