{"id":3068,"date":"2022-04-27T19:21:40","date_gmt":"2022-04-27T17:21:40","guid":{"rendered":"https:\/\/agora.xtec.cat\/iespauclaris\/?p=3068"},"modified":"2022-04-28T04:42:52","modified_gmt":"2022-04-28T02:42:52","slug":"activitat-amb-1r-deso","status":"publish","type":"post","link":"https:\/\/agora.xtec.cat\/iespauclaris\/eso\/eso-1\/activitat-amb-1r-deso\/","title":{"rendered":"Activitat AMB 1r d&#8217;ESO"},"content":{"rendered":"<p>Iniciem el nou projecte FUP de 1r d&#8217;ESO amb un taller realitzat per AMB que \u00e9s l&#8217;activitat introduct\u00f2ria del projecte que comen\u00e7arem a naturals, <em>Grow Green<\/em>, sobre les causes i conseq\u00fc\u00e8ncies del canvi clim\u00e0tic i d&#8217;altres impactes mediambiental. En aquest taller els\u00a0 alumnes treballaran com a cient\u00edfics: fent-se preguntes, fent experiments i traient les seves pr\u00f2pies conclusions.<\/p>\n<p><a href=\"https:\/\/agora.xtec.cat\/iespauclaris\/wp-content\/uploads\/usu835\/2022\/04\/IMG_20220426_130443-red.jpg\"><img loading=\"lazy\" decoding=\"async\" class=\"alignnone wp-image-3071 size-thumbnail\" src=\"https:\/\/agora.xtec.cat\/iespauclaris\/wp-content\/uploads\/usu835\/2022\/04\/IMG_20220426_130443-red-150x150.jpg\" alt=\"\" width=\"150\" height=\"150\" \/> <\/a><a href=\"https:\/\/agora.xtec.cat\/iespauclaris\/wp-content\/uploads\/usu835\/2022\/04\/IMG_20220426_130752-red.jpg\"><img loading=\"lazy\" decoding=\"async\" class=\"alignnone wp-image-3073 size-thumbnail\" src=\"https:\/\/agora.xtec.cat\/iespauclaris\/wp-content\/uploads\/usu835\/2022\/04\/IMG_20220426_130752-red-150x150.jpg\" alt=\"\" width=\"150\" height=\"150\" \/> <\/a><a href=\"https:\/\/agora.xtec.cat\/iespauclaris\/wp-content\/uploads\/usu835\/2022\/04\/IMG_20220426_130536-red.jpg\"><img loading=\"lazy\" decoding=\"async\" class=\"alignnone wp-image-3072 size-thumbnail\" src=\"https:\/\/agora.xtec.cat\/iespauclaris\/wp-content\/uploads\/usu835\/2022\/04\/IMG_20220426_130536-red-150x150.jpg\" alt=\"\" width=\"150\" height=\"150\" \/><\/a><\/p>\n<p><a href=\"https:\/\/agora.xtec.cat\/iespauclaris\/wp-content\/uploads\/usu835\/2022\/04\/IMG_20220421_111927-red.jpg\"><img loading=\"lazy\" decoding=\"async\" class=\"alignnone wp-image-3074 size-thumbnail\" src=\"https:\/\/agora.xtec.cat\/iespauclaris\/wp-content\/uploads\/usu835\/2022\/04\/IMG_20220421_111927-red-150x150.jpg\" alt=\"\" width=\"150\" height=\"150\" \/><\/a><a href=\"https:\/\/agora.xtec.cat\/iespauclaris\/wp-content\/uploads\/usu835\/2022\/04\/IMG_20220421_112015-red.jpg\"> <img loading=\"lazy\" decoding=\"async\" class=\"alignnone wp-image-3075 size-thumbnail\" src=\"https:\/\/agora.xtec.cat\/iespauclaris\/wp-content\/uploads\/usu835\/2022\/04\/IMG_20220421_112015-red-150x150.jpg\" alt=\"\" width=\"150\" height=\"150\" \/><\/a><a href=\"https:\/\/agora.xtec.cat\/iespauclaris\/wp-content\/uploads\/usu835\/2022\/04\/IMG_20220421_111407-red.jpg\"> <img loading=\"lazy\" decoding=\"async\" class=\"wp-image-3070 size-thumbnail\" src=\"https:\/\/agora.xtec.cat\/iespauclaris\/wp-content\/uploads\/usu835\/2022\/04\/IMG_20220421_111407-red-150x150.jpg\" alt=\"\" width=\"150\" height=\"150\" \/><\/a><\/p>\n","protected":false},"excerpt":{"rendered":"<p>Iniciem el nou projecte FUP de 1r d&#8217;ESO amb un taller realitzat per AMB que \u00e9s l&#8217;activitat introduct\u00f2ria del projecte que comen\u00e7arem a naturals, Grow Green, sobre les causes i conseq\u00fc\u00e8ncies del canvi clim\u00e0tic i d&#8217;altres impactes mediambiental. En aquest taller els\u00a0 alumnes treballaran com&hellip;  <a href=\"https:\/\/agora.xtec.cat\/iespauclaris\/eso\/eso-1\/activitat-amb-1r-deso\/\" title=\"Read Activitat AMB 1r d&#8217;ESO\">Llegeix m\u00e9s\u00bb<\/a><\/p>\n","protected":false},"author":1,"featured_media":3069,"comment_status":"open","ping_status":"closed","sticky":false,"template":"","format":"standard","meta":{"_bbp_topic_count":0,"_bbp_reply_count":0,"_bbp_total_topic_count":0,"_bbp_total_reply_count":0,"_bbp_voice_count":0,"_bbp_anonymous_reply_count":0,"_bbp_topic_count_hidden":0,"_bbp_reply_count_hidden":0,"_bbp_forum_subforum_count":0,"footnotes":""},"categories":[4,29],"tags":[],"class_list":["post-3068","post","type-post","status-publish","format-standard","has-post-thumbnail","hentry","category-eso-1","category-portada"],"post_mailing_queue_ids":[],"_links":{"self":[{"href":"https:\/\/agora.xtec.cat\/iespauclaris\/wp-json\/wp\/v2\/posts\/3068","targetHints":{"allow":["GET"]}}],"collection":[{"href":"https:\/\/agora.xtec.cat\/iespauclaris\/wp-json\/wp\/v2\/posts"}],"about":[{"href":"https:\/\/agora.xtec.cat\/iespauclaris\/wp-json\/wp\/v2\/types\/post"}],"author":[{"embeddable":true,"href":"https:\/\/agora.xtec.cat\/iespauclaris\/wp-json\/wp\/v2\/users\/1"}],"replies":[{"embeddable":true,"href":"https:\/\/agora.xtec.cat\/iespauclaris\/wp-json\/wp\/v2\/comments?post=3068"}],"version-history":[{"count":3,"href":"https:\/\/agora.xtec.cat\/iespauclaris\/wp-json\/wp\/v2\/posts\/3068\/revisions"}],"predecessor-version":[{"id":3078,"href":"https:\/\/agora.xtec.cat\/iespauclaris\/wp-json\/wp\/v2\/posts\/3068\/revisions\/3078"}],"wp:featuredmedia":[{"embeddable":true,"href":"https:\/\/agora.xtec.cat\/iespauclaris\/wp-json\/wp\/v2\/media\/3069"}],"wp:attachment":[{"href":"https:\/\/agora.xtec.cat\/iespauclaris\/wp-json\/wp\/v2\/media?parent=3068"}],"wp:term":[{"taxonomy":"category","embeddable":true,"href":"https:\/\/agora.xtec.cat\/iespauclaris\/wp-json\/wp\/v2\/categories?post=3068"},{"taxonomy":"post_tag","embeddable":true,"href":"https:\/\/agora.xtec.cat\/iespauclaris\/wp-json\/wp\/v2\/tags?post=3068"}],"curies":[{"name":"wp","href":"https:\/\/api.w.org\/{rel}","templated":true}]}}