{"id":3028,"date":"2022-04-20T19:46:44","date_gmt":"2022-04-20T17:46:44","guid":{"rendered":"https:\/\/agora.xtec.cat\/iespauclaris\/?p=3028"},"modified":"2022-04-21T08:23:55","modified_gmt":"2022-04-21T06:23:55","slug":"1r-deso-al-museu-blau","status":"publish","type":"post","link":"https:\/\/agora.xtec.cat\/iespauclaris\/eso\/eso-1\/1r-deso-al-museu-blau\/","title":{"rendered":"1r d&#8217;ESO al Museu Blau"},"content":{"rendered":"<p>L&#8217;alumnat de 1r d&#8217;ESO ha comen\u00e7at el 3r trimestre amb la sortida al <a href=\"https:\/\/museuciencies.cat\/category\/museu-blau\/\" target=\"_blank\" rel=\"noopener\">Museu Blau<\/a> de Barcelona, on han pogut estudiar diversos aspectes relacionats amb els animals, la seva evoluci\u00f3, el seu h\u00e0bitat i com estan condicionats pel clima. Aquesta sortida forma part de la indagaci\u00f3 que estan portant a terme dins del projecte de millora de l&#8217;h\u00e0bitat dels animals del <a href=\"https:\/\/www.zoobarcelona.cat\/ca\" target=\"_blank\" rel=\"noopener\">Zoo<\/a> de Barcelona.<\/p>\n<p><a href=\"https:\/\/agora.xtec.cat\/iespauclaris\/wp-content\/uploads\/usu835\/2022\/04\/unnamed-1-scaled.jpg\"><img loading=\"lazy\" decoding=\"async\" class=\"alignnone wp-image-3029 size-thumbnail\" src=\"https:\/\/agora.xtec.cat\/iespauclaris\/wp-content\/uploads\/usu835\/2022\/04\/unnamed-1-150x150.jpg\" alt=\"\" width=\"150\" height=\"150\" \/> <\/a><a href=\"https:\/\/agora.xtec.cat\/iespauclaris\/wp-content\/uploads\/usu835\/2022\/04\/unnamed-3-3.jpg\"><img loading=\"lazy\" decoding=\"async\" class=\"alignnone wp-image-3030 size-thumbnail\" src=\"https:\/\/agora.xtec.cat\/iespauclaris\/wp-content\/uploads\/usu835\/2022\/04\/unnamed-3-3-150x150.jpg\" alt=\"\" width=\"150\" height=\"150\" \/> <\/a><a href=\"https:\/\/agora.xtec.cat\/iespauclaris\/wp-content\/uploads\/usu835\/2022\/04\/unnamed-4-4.jpg\"><img loading=\"lazy\" decoding=\"async\" class=\"alignnone wp-image-3031 size-thumbnail\" src=\"https:\/\/agora.xtec.cat\/iespauclaris\/wp-content\/uploads\/usu835\/2022\/04\/unnamed-4-4-150x150.jpg\" alt=\"\" width=\"150\" height=\"150\" \/> <\/a><a href=\"https:\/\/agora.xtec.cat\/iespauclaris\/wp-content\/uploads\/usu835\/2022\/04\/unnamed-2-scaled.jpg\"><img loading=\"lazy\" decoding=\"async\" class=\"alignnone wp-image-3032 size-thumbnail\" src=\"https:\/\/agora.xtec.cat\/iespauclaris\/wp-content\/uploads\/usu835\/2022\/04\/unnamed-2-150x150.jpg\" alt=\"\" width=\"150\" height=\"150\" \/><\/a><\/p>\n","protected":false},"excerpt":{"rendered":"<p>L&#8217;alumnat de 1r d&#8217;ESO ha comen\u00e7at el 3r trimestre amb la sortida al <a href=\"https:\/\/museuciencies.cat\/category\/museu-blau\/\" target=\"_blank\" rel=\"noopener\">Museu Blau<\/a> de Barcelona, on han pogut estudiar diversos aspectes relacionats amb els animals, la seva evoluci\u00f3, el seu h\u00e0bitat i com estan condicionats pel clima. Aquesta sortida forma&hellip;  <a href=\"https:\/\/agora.xtec.cat\/iespauclaris\/eso\/eso-1\/1r-deso-al-museu-blau\/\" title=\"Read 1r d&#8217;ESO al Museu Blau\">Llegeix m\u00e9s\u00bb<\/a><\/p>\n","protected":false},"author":1,"featured_media":3033,"comment_status":"open","ping_status":"closed","sticky":false,"template":"","format":"standard","meta":{"_bbp_topic_count":0,"_bbp_reply_count":0,"_bbp_total_topic_count":0,"_bbp_total_reply_count":0,"_bbp_voice_count":0,"_bbp_anonymous_reply_count":0,"_bbp_topic_count_hidden":0,"_bbp_reply_count_hidden":0,"_bbp_forum_subforum_count":0,"footnotes":""},"categories":[4,29],"tags":[],"class_list":["post-3028","post","type-post","status-publish","format-standard","has-post-thumbnail","hentry","category-eso-1","category-portada"],"post_mailing_queue_ids":[],"_links":{"self":[{"href":"https:\/\/agora.xtec.cat\/iespauclaris\/wp-json\/wp\/v2\/posts\/3028","targetHints":{"allow":["GET"]}}],"collection":[{"href":"https:\/\/agora.xtec.cat\/iespauclaris\/wp-json\/wp\/v2\/posts"}],"about":[{"href":"https:\/\/agora.xtec.cat\/iespauclaris\/wp-json\/wp\/v2\/types\/post"}],"author":[{"embeddable":true,"href":"https:\/\/agora.xtec.cat\/iespauclaris\/wp-json\/wp\/v2\/users\/1"}],"replies":[{"embeddable":true,"href":"https:\/\/agora.xtec.cat\/iespauclaris\/wp-json\/wp\/v2\/comments?post=3028"}],"version-history":[{"count":2,"href":"https:\/\/agora.xtec.cat\/iespauclaris\/wp-json\/wp\/v2\/posts\/3028\/revisions"}],"predecessor-version":[{"id":3035,"href":"https:\/\/agora.xtec.cat\/iespauclaris\/wp-json\/wp\/v2\/posts\/3028\/revisions\/3035"}],"wp:featuredmedia":[{"embeddable":true,"href":"https:\/\/agora.xtec.cat\/iespauclaris\/wp-json\/wp\/v2\/media\/3033"}],"wp:attachment":[{"href":"https:\/\/agora.xtec.cat\/iespauclaris\/wp-json\/wp\/v2\/media?parent=3028"}],"wp:term":[{"taxonomy":"category","embeddable":true,"href":"https:\/\/agora.xtec.cat\/iespauclaris\/wp-json\/wp\/v2\/categories?post=3028"},{"taxonomy":"post_tag","embeddable":true,"href":"https:\/\/agora.xtec.cat\/iespauclaris\/wp-json\/wp\/v2\/tags?post=3028"}],"curies":[{"name":"wp","href":"https:\/\/api.w.org\/{rel}","templated":true}]}}