{"id":3004,"date":"2022-04-19T08:00:48","date_gmt":"2022-04-19T06:00:48","guid":{"rendered":"https:\/\/agora.xtec.cat\/iespauclaris\/?p=3004"},"modified":"2022-04-19T09:45:26","modified_gmt":"2022-04-19T07:45:26","slug":"no-podem-oblidar-ho","status":"publish","type":"post","link":"https:\/\/agora.xtec.cat\/iespauclaris\/eso\/eso-4\/no-podem-oblidar-ho\/","title":{"rendered":"&#8220;No podem oblidar-ho&#8221;"},"content":{"rendered":"<p>Durant el curs 2020-21, dins del projecte MUSSOL l&#8217;alumnat de 4t d&#8217;ESO va crear un conjunt de v\u00eddeos amb el suport de <a href=\"http:\/\/teleeduca.org\/\" target=\"_blank\" rel=\"noopener\">Teleduca<\/a> i l\u2019equip educomunatiu. Volem agrair a les persones que han volgut donar el seu testimoni per ser escoltat per l\u2019alumnat i ajudar-los a no perdre la mem\u00f2ria de la nostra hist\u00f2ria m\u00e9s recent. Us animem a visualitzar-los per copsar els seus relats i la necessitat de tenir molt present la hist\u00f2ria per aprendre d&#8217;ella. &#8216;No podem oblidar&#8217; \u00e9s un projecte que vol conscienciar a l&#8217;alumnat d&#8217;aquella \u00e8poca tan convulsa i la necessitat de ser cr\u00edtic amb tota la informaci\u00f3 que ens arriba distorsionada i falsejada. Teniu tots aquests v\u00eddeos disponibles en <a href=\"https:\/\/agora.xtec.cat\/iespauclaris\/pro\/mussol\/projecte-no-podem-oblidar-ho\/\" target=\"_blank\" rel=\"noopener\">aquest enlla\u00e7<\/a>.<\/p>\n<p>&nbsp;<\/p>\n","protected":false},"excerpt":{"rendered":"<p>Durant el curs 2020-21, dins del projecte MUSSOL l&#8217;alumnat de 4t d&#8217;ESO va crear un conjunt de v\u00eddeos amb el suport de <a href=\"http:\/\/teleeduca.org\/\" target=\"_blank\" rel=\"noopener\">Teleduca<\/a> i l\u2019equip educomunatiu. Volem agrair a les persones que han volgut donar el seu testimoni per ser escoltat per&hellip;  <a href=\"https:\/\/agora.xtec.cat\/iespauclaris\/eso\/eso-4\/no-podem-oblidar-ho\/\" title=\"Read &#8220;No podem oblidar-ho&#8221;\">Llegeix m\u00e9s\u00bb<\/a><\/p>\n","protected":false},"author":1,"featured_media":3005,"comment_status":"open","ping_status":"closed","sticky":false,"template":"","format":"standard","meta":{"_bbp_topic_count":0,"_bbp_reply_count":0,"_bbp_total_topic_count":0,"_bbp_total_reply_count":0,"_bbp_voice_count":0,"_bbp_anonymous_reply_count":0,"_bbp_topic_count_hidden":0,"_bbp_reply_count_hidden":0,"_bbp_forum_subforum_count":0,"footnotes":""},"categories":[7,29],"tags":[],"class_list":["post-3004","post","type-post","status-publish","format-standard","has-post-thumbnail","hentry","category-eso-4","category-portada"],"post_mailing_queue_ids":[],"_links":{"self":[{"href":"https:\/\/agora.xtec.cat\/iespauclaris\/wp-json\/wp\/v2\/posts\/3004","targetHints":{"allow":["GET"]}}],"collection":[{"href":"https:\/\/agora.xtec.cat\/iespauclaris\/wp-json\/wp\/v2\/posts"}],"about":[{"href":"https:\/\/agora.xtec.cat\/iespauclaris\/wp-json\/wp\/v2\/types\/post"}],"author":[{"embeddable":true,"href":"https:\/\/agora.xtec.cat\/iespauclaris\/wp-json\/wp\/v2\/users\/1"}],"replies":[{"embeddable":true,"href":"https:\/\/agora.xtec.cat\/iespauclaris\/wp-json\/wp\/v2\/comments?post=3004"}],"version-history":[{"count":3,"href":"https:\/\/agora.xtec.cat\/iespauclaris\/wp-json\/wp\/v2\/posts\/3004\/revisions"}],"predecessor-version":[{"id":3021,"href":"https:\/\/agora.xtec.cat\/iespauclaris\/wp-json\/wp\/v2\/posts\/3004\/revisions\/3021"}],"wp:featuredmedia":[{"embeddable":true,"href":"https:\/\/agora.xtec.cat\/iespauclaris\/wp-json\/wp\/v2\/media\/3005"}],"wp:attachment":[{"href":"https:\/\/agora.xtec.cat\/iespauclaris\/wp-json\/wp\/v2\/media?parent=3004"}],"wp:term":[{"taxonomy":"category","embeddable":true,"href":"https:\/\/agora.xtec.cat\/iespauclaris\/wp-json\/wp\/v2\/categories?post=3004"},{"taxonomy":"post_tag","embeddable":true,"href":"https:\/\/agora.xtec.cat\/iespauclaris\/wp-json\/wp\/v2\/tags?post=3004"}],"curies":[{"name":"wp","href":"https:\/\/api.w.org\/{rel}","templated":true}]}}