{"id":2968,"date":"2022-04-05T12:05:43","date_gmt":"2022-04-05T10:05:43","guid":{"rendered":"https:\/\/agora.xtec.cat\/iespauclaris\/?p=2968"},"modified":"2022-04-06T18:08:09","modified_gmt":"2022-04-06T16:08:09","slug":"el-ramada-al-pau-claris","status":"publish","type":"post","link":"https:\/\/agora.xtec.cat\/iespauclaris\/general\/el-ramada-al-pau-claris\/","title":{"rendered":"El Ramad\u00e0 al Pau Claris"},"content":{"rendered":"<p>Des del passat dissabte 2 d\u2019abril, la poblaci\u00f3 musulmana de Catalunya comen\u00e7a a celebrar el mes m\u00e9s important de l\u2019Islam, el <a href=\"https:\/\/www.ccma.cat\/tv3\/super3\/infok\/que-es-el-ramada\/video\/6095038\/\" target=\"_blank\" rel=\"noopener\">Ramad\u00e0<\/a>. Un grup d\u2019alumnes de 1r d\u2019ESO han preparat una recerca i una presentaci\u00f3 sobre la seva religi\u00f3 i tradicions. D\u2019aquesta manera, la resta de companys i companyes poden con\u00e8ixer millor les diferents tradicions del nostre m\u00f3n. Segons les dades de l&#8217;<a href=\"https:\/\/ucide.org\/wp-content\/uploads\/2021\/01\/Estudio-demografico-2019.pdf\">Estudio demogr\u00e1fico de la poblaci\u00f3n musulmana<\/a> que fa la Uni\u00f3 de Comunidades Isl\u00e1micas de Espa\u00f1a (UCIDE), a Catalunya hi havia el 2019 m\u00e9s de mig mili\u00f3 de musulmans, 564.055. Nom\u00e9s a Barcelona, hi ha 38 oratoris, 10 dels quals es troben al districte de Ciutat Vella.<\/p>\n<p><a href=\"https:\/\/agora.xtec.cat\/iespauclaris\/wp-content\/uploads\/usu835\/2022\/04\/nota-1678025-dias-ayuno-largos-cortos-sagrado-ramadan-2022-1024434.jpg\"><img loading=\"lazy\" decoding=\"async\" class=\"alignnone wp-image-2970 size-thumbnail\" src=\"https:\/\/agora.xtec.cat\/iespauclaris\/wp-content\/uploads\/usu835\/2022\/04\/nota-1678025-dias-ayuno-largos-cortos-sagrado-ramadan-2022-1024434-150x150.jpg\" alt=\"\" width=\"150\" height=\"150\" \/><\/a><\/p>\n<p>&nbsp;<\/p>\n","protected":false},"excerpt":{"rendered":"<p>Des del passat dissabte 2 d\u2019abril, la poblaci\u00f3 musulmana de Catalunya comen\u00e7a a celebrar el mes m\u00e9s important de l\u2019Islam, el <a href=\"https:\/\/www.ccma.cat\/tv3\/super3\/infok\/que-es-el-ramada\/video\/6095038\/\" target=\"_blank\" rel=\"noopener\">Ramad\u00e0<\/a>. Un grup d\u2019alumnes de 1r d\u2019ESO han preparat una recerca i una presentaci\u00f3 sobre la seva religi\u00f3 i tradicions. D\u2019aquesta&hellip;  <a href=\"https:\/\/agora.xtec.cat\/iespauclaris\/general\/el-ramada-al-pau-claris\/\" title=\"Read El Ramad\u00e0 al Pau Claris\">Llegeix m\u00e9s\u00bb<\/a><\/p>\n","protected":false},"author":1,"featured_media":2969,"comment_status":"open","ping_status":"closed","sticky":false,"template":"","format":"standard","meta":{"_bbp_topic_count":0,"_bbp_reply_count":0,"_bbp_total_topic_count":0,"_bbp_total_reply_count":0,"_bbp_voice_count":0,"_bbp_anonymous_reply_count":0,"_bbp_topic_count_hidden":0,"_bbp_reply_count_hidden":0,"_bbp_forum_subforum_count":0,"footnotes":""},"categories":[1,29],"tags":[],"class_list":["post-2968","post","type-post","status-publish","format-standard","has-post-thumbnail","hentry","category-general","category-portada"],"post_mailing_queue_ids":[],"_links":{"self":[{"href":"https:\/\/agora.xtec.cat\/iespauclaris\/wp-json\/wp\/v2\/posts\/2968","targetHints":{"allow":["GET"]}}],"collection":[{"href":"https:\/\/agora.xtec.cat\/iespauclaris\/wp-json\/wp\/v2\/posts"}],"about":[{"href":"https:\/\/agora.xtec.cat\/iespauclaris\/wp-json\/wp\/v2\/types\/post"}],"author":[{"embeddable":true,"href":"https:\/\/agora.xtec.cat\/iespauclaris\/wp-json\/wp\/v2\/users\/1"}],"replies":[{"embeddable":true,"href":"https:\/\/agora.xtec.cat\/iespauclaris\/wp-json\/wp\/v2\/comments?post=2968"}],"version-history":[{"count":2,"href":"https:\/\/agora.xtec.cat\/iespauclaris\/wp-json\/wp\/v2\/posts\/2968\/revisions"}],"predecessor-version":[{"id":2972,"href":"https:\/\/agora.xtec.cat\/iespauclaris\/wp-json\/wp\/v2\/posts\/2968\/revisions\/2972"}],"wp:featuredmedia":[{"embeddable":true,"href":"https:\/\/agora.xtec.cat\/iespauclaris\/wp-json\/wp\/v2\/media\/2969"}],"wp:attachment":[{"href":"https:\/\/agora.xtec.cat\/iespauclaris\/wp-json\/wp\/v2\/media?parent=2968"}],"wp:term":[{"taxonomy":"category","embeddable":true,"href":"https:\/\/agora.xtec.cat\/iespauclaris\/wp-json\/wp\/v2\/categories?post=2968"},{"taxonomy":"post_tag","embeddable":true,"href":"https:\/\/agora.xtec.cat\/iespauclaris\/wp-json\/wp\/v2\/tags?post=2968"}],"curies":[{"name":"wp","href":"https:\/\/api.w.org\/{rel}","templated":true}]}}