{"id":2882,"date":"2022-03-12T11:21:16","date_gmt":"2022-03-12T10:21:16","guid":{"rendered":"https:\/\/agora.xtec.cat\/iespauclaris\/?p=2882"},"modified":"2022-06-02T14:01:09","modified_gmt":"2022-06-02T12:01:09","slug":"una-opera-per-un-moment-clau","status":"publish","type":"post","link":"https:\/\/agora.xtec.cat\/iespauclaris\/eso\/una-opera-per-un-moment-clau\/","title":{"rendered":"El monstre al laberint"},"content":{"rendered":"<p>Dijous 10 de mar\u00e7 l&#8217;alumnat de 1r d&#8217;ESO i la coral de patis del centre van participar en l&#8217;\u00f2pera <a href=\"https:\/\/www.liceubarcelona.cat\/ca\/temporada-2021-2022\/el-petit-liceu\/el-monstre-al-laberint\" target=\"_blank\" rel=\"noopener\"><strong>El monstre al laberint<\/strong><\/a>\u00a0del Liceu de Barcelona. Una \u00f2pera participativa que aprofundeix en un dels pitjors drames que patim al nostre m\u00f3n, el de la immigraci\u00f3 for\u00e7ada per les guerres, les dictadures, la fam i l&#8217;extrema pobresa.<\/p>\n<p>En un m\u00f3n que no els ofereix cap oportunitat de viure amb dignitat, milers de persones intenten trobar una oportunitat de vida. L&#8217;\u00f2pera treballa aquest drama apropant-lo a tots nosaltres a trav\u00e9s del mite grec del monstre del laberint, el minotaure que es menja a les persones.<\/p>\n<p>Moltes gr\u00e0cies, alumnes, professors i fam\u00edlies per donar veu aquest drama que ara ressona en els nostres caps amb molta for\u00e7a per la guerra d&#8217;Ucra\u00efna. Volem viure en pau en una societat igualit\u00e0ria, cohesionada i digne. NO A LA GUERRA.<\/p>\n<p><a href=\"https:\/\/agora.xtec.cat\/iespauclaris\/wp-content\/uploads\/usu835\/2022\/03\/liceu1.jpg\"><img loading=\"lazy\" decoding=\"async\" class=\"alignnone wp-image-2884 size-thumbnail\" src=\"https:\/\/agora.xtec.cat\/iespauclaris\/wp-content\/uploads\/usu835\/2022\/03\/liceu1-150x150.jpg\" alt=\"\" width=\"150\" height=\"150\" \/> <\/a><a href=\"https:\/\/agora.xtec.cat\/iespauclaris\/wp-content\/uploads\/usu835\/2022\/03\/liceu2.jpg\"><img loading=\"lazy\" decoding=\"async\" class=\"alignnone wp-image-2885 size-thumbnail\" src=\"https:\/\/agora.xtec.cat\/iespauclaris\/wp-content\/uploads\/usu835\/2022\/03\/liceu2-150x150.jpg\" alt=\"\" width=\"150\" height=\"150\" \/> <\/a><a href=\"https:\/\/agora.xtec.cat\/iespauclaris\/wp-content\/uploads\/usu835\/2022\/03\/liceu3.jpg\"><img loading=\"lazy\" decoding=\"async\" class=\"alignnone wp-image-2886 size-thumbnail\" src=\"https:\/\/agora.xtec.cat\/iespauclaris\/wp-content\/uploads\/usu835\/2022\/03\/liceu3-150x150.jpg\" alt=\"\" width=\"150\" height=\"150\" \/> <\/a><a href=\"https:\/\/agora.xtec.cat\/iespauclaris\/wp-content\/uploads\/usu835\/2022\/03\/liceu4.jpg\"><img loading=\"lazy\" decoding=\"async\" class=\"alignnone wp-image-2887 size-thumbnail\" src=\"https:\/\/agora.xtec.cat\/iespauclaris\/wp-content\/uploads\/usu835\/2022\/03\/liceu4-150x150.jpg\" alt=\"\" width=\"150\" height=\"150\" \/><\/a><\/p>\n","protected":false},"excerpt":{"rendered":"<p>Dijous 10 de mar\u00e7 l&#8217;alumnat de 1r d&#8217;ESO i la coral de patis del centre van participar en l&#8217;\u00f2pera <a href=\"https:\/\/www.liceubarcelona.cat\/ca\/temporada-2021-2022\/el-petit-liceu\/el-monstre-al-laberint\" target=\"_blank\" rel=\"noopener\">El monstre al laberint<\/a>\u00a0del Liceu de Barcelona. Una \u00f2pera participativa que aprofundeix en un dels pitjors drames que patim al nostre m\u00f3n, el&hellip;  <a href=\"https:\/\/agora.xtec.cat\/iespauclaris\/eso\/una-opera-per-un-moment-clau\/\" title=\"Read El monstre al laberint\">Llegeix m\u00e9s\u00bb<\/a><\/p>\n","protected":false},"author":1,"featured_media":2892,"comment_status":"open","ping_status":"closed","sticky":false,"template":"","format":"standard","meta":{"_bbp_topic_count":0,"_bbp_reply_count":0,"_bbp_total_topic_count":0,"_bbp_total_reply_count":0,"_bbp_voice_count":0,"_bbp_anonymous_reply_count":0,"_bbp_topic_count_hidden":0,"_bbp_reply_count_hidden":0,"_bbp_forum_subforum_count":0,"footnotes":""},"categories":[3,29],"tags":[],"class_list":["post-2882","post","type-post","status-publish","format-standard","has-post-thumbnail","hentry","category-eso","category-portada"],"post_mailing_queue_ids":[],"_links":{"self":[{"href":"https:\/\/agora.xtec.cat\/iespauclaris\/wp-json\/wp\/v2\/posts\/2882","targetHints":{"allow":["GET"]}}],"collection":[{"href":"https:\/\/agora.xtec.cat\/iespauclaris\/wp-json\/wp\/v2\/posts"}],"about":[{"href":"https:\/\/agora.xtec.cat\/iespauclaris\/wp-json\/wp\/v2\/types\/post"}],"author":[{"embeddable":true,"href":"https:\/\/agora.xtec.cat\/iespauclaris\/wp-json\/wp\/v2\/users\/1"}],"replies":[{"embeddable":true,"href":"https:\/\/agora.xtec.cat\/iespauclaris\/wp-json\/wp\/v2\/comments?post=2882"}],"version-history":[{"count":3,"href":"https:\/\/agora.xtec.cat\/iespauclaris\/wp-json\/wp\/v2\/posts\/2882\/revisions"}],"predecessor-version":[{"id":3379,"href":"https:\/\/agora.xtec.cat\/iespauclaris\/wp-json\/wp\/v2\/posts\/2882\/revisions\/3379"}],"wp:featuredmedia":[{"embeddable":true,"href":"https:\/\/agora.xtec.cat\/iespauclaris\/wp-json\/wp\/v2\/media\/2892"}],"wp:attachment":[{"href":"https:\/\/agora.xtec.cat\/iespauclaris\/wp-json\/wp\/v2\/media?parent=2882"}],"wp:term":[{"taxonomy":"category","embeddable":true,"href":"https:\/\/agora.xtec.cat\/iespauclaris\/wp-json\/wp\/v2\/categories?post=2882"},{"taxonomy":"post_tag","embeddable":true,"href":"https:\/\/agora.xtec.cat\/iespauclaris\/wp-json\/wp\/v2\/tags?post=2882"}],"curies":[{"name":"wp","href":"https:\/\/api.w.org\/{rel}","templated":true}]}}