{"id":2873,"date":"2022-03-11T19:08:58","date_gmt":"2022-03-11T18:08:58","guid":{"rendered":"https:\/\/agora.xtec.cat\/iespauclaris\/?p=2873"},"modified":"2022-03-20T15:29:51","modified_gmt":"2022-03-20T14:29:51","slug":"concurs-14-3-dia-del-numero-%cf%80","status":"publish","type":"post","link":"https:\/\/agora.xtec.cat\/iespauclaris\/general\/concurs-14-3-dia-del-numero-%cf%80\/","title":{"rendered":"Concurs! Dia del n\u00famero \u03c0"},"content":{"rendered":"<p>Ja tenim guanyadora! L&#8217;<strong>Essra Trabelsi<\/strong> de 3r ESO A! Ha aconseguit memoritzar <strong>103<\/strong> decimals del n\u00famero PI! Quina passada! En segon lloc, la Julia Quintero de 3r C amb 46 decimals i el Gerard Valdez de 3r C amb 40 xifres ha quedat en tercera posici\u00f3. Moltes felicitats als tres!<\/p>\n<p>Aqu\u00ed les bases del <strong>Concurs de memoritzar decimals del n\u00famero <em>\u03c0<\/em><\/strong><\/p>\n<p><strong>1.<\/strong> El concurs consisteix a memoritzar el nombre m\u00e9s gran de decimals del n\u00famero PI possibles. <strong>2.<\/strong> El concurs tindr\u00e0 lloc el dia 14 de mar\u00e7 al vest\u00edbul de l\u2019Institut Pau Claris <strong>3.<\/strong> Poden participar en el concurs els alumnes d\u2019ESO i batxillerat. <strong>4.<\/strong> La participaci\u00f3 ser\u00e0 individual o en grup, si t\u00e9 una coreografia. <strong>5.<\/strong> Els participants poden recitar els decimals tal qual, o b\u00e9, poden fer servir una base musical, un rap, etc. Tamb\u00e9, si volen, poden preparar una senzilla coreografia. <strong>6.<\/strong> S\u2019admetran fins a 3 errades. Despr\u00e9s d\u2019una errada es podr\u00e0 seguir enumerant decimals. <strong>7.<\/strong> Guanyar\u00e0 el concurs el participant que enumeri m\u00e9s decimals del nombre PI. <strong>8.<\/strong> Es lliurar\u00e0 un premi al 1r, 2n i 3r dels alumnes que hagin memoritzat m\u00e9s decimals. Es far\u00e0 entrega dels premis el dia de sant Jordi.<\/p>\n<p><a href=\"https:\/\/agora.xtec.cat\/iespauclaris\/wp-content\/uploads\/usu835\/2022\/03\/PI-2.png\"><img loading=\"lazy\" decoding=\"async\" class=\"alignnone wp-image-2877 size-full\" src=\"https:\/\/agora.xtec.cat\/iespauclaris\/wp-content\/uploads\/usu835\/2022\/03\/PI-2-e1647022439751.png\" alt=\"\" width=\"437\" height=\"218\" srcset=\"https:\/\/agora.xtec.cat\/iespauclaris\/wp-content\/uploads\/usu835\/2022\/03\/PI-2-e1647022439751.png 437w, https:\/\/agora.xtec.cat\/iespauclaris\/wp-content\/uploads\/usu835\/2022\/03\/PI-2-e1647022439751-300x150.png 300w\" sizes=\"auto, (max-width: 437px) 100vw, 437px\" \/><\/a><\/p>\n<p>Us compartim aquest v\u00eddeo fet al centre per poder observar els primers decimals de la constant <strong><em>\u03c0<\/em><\/strong><br \/>\n<iframe loading=\"lazy\" title=\"YouTube video player\" src=\"https:\/\/www.youtube.com\/embed\/4y4zRv1OTTk\" width=\"560\" height=\"315\" frameborder=\"0\" allowfullscreen=\"allowfullscreen\"><\/iframe><\/p>\n","protected":false},"excerpt":{"rendered":"<p>Ja tenim guanyadora! L&#8217;Essra Trabelsi de 3r ESO A! Ha aconseguit memoritzar 103 decimals del n\u00famero PI! Quina passada! En segon lloc, la Julia Quintero de 3r C amb 46 decimals i el Gerard Valdez de 3r C amb 40 xifres ha quedat en tercera&hellip;  <a href=\"https:\/\/agora.xtec.cat\/iespauclaris\/general\/concurs-14-3-dia-del-numero-%cf%80\/\" title=\"Read Concurs! Dia del n\u00famero \u03c0\">Llegeix m\u00e9s\u00bb<\/a><\/p>\n","protected":false},"author":1,"featured_media":2876,"comment_status":"open","ping_status":"closed","sticky":false,"template":"","format":"standard","meta":{"_bbp_topic_count":0,"_bbp_reply_count":0,"_bbp_total_topic_count":0,"_bbp_total_reply_count":0,"_bbp_voice_count":0,"_bbp_anonymous_reply_count":0,"_bbp_topic_count_hidden":0,"_bbp_reply_count_hidden":0,"_bbp_forum_subforum_count":0,"footnotes":""},"categories":[1,29],"tags":[],"class_list":["post-2873","post","type-post","status-publish","format-standard","has-post-thumbnail","hentry","category-general","category-portada"],"post_mailing_queue_ids":[],"_links":{"self":[{"href":"https:\/\/agora.xtec.cat\/iespauclaris\/wp-json\/wp\/v2\/posts\/2873","targetHints":{"allow":["GET"]}}],"collection":[{"href":"https:\/\/agora.xtec.cat\/iespauclaris\/wp-json\/wp\/v2\/posts"}],"about":[{"href":"https:\/\/agora.xtec.cat\/iespauclaris\/wp-json\/wp\/v2\/types\/post"}],"author":[{"embeddable":true,"href":"https:\/\/agora.xtec.cat\/iespauclaris\/wp-json\/wp\/v2\/users\/1"}],"replies":[{"embeddable":true,"href":"https:\/\/agora.xtec.cat\/iespauclaris\/wp-json\/wp\/v2\/comments?post=2873"}],"version-history":[{"count":3,"href":"https:\/\/agora.xtec.cat\/iespauclaris\/wp-json\/wp\/v2\/posts\/2873\/revisions"}],"predecessor-version":[{"id":2916,"href":"https:\/\/agora.xtec.cat\/iespauclaris\/wp-json\/wp\/v2\/posts\/2873\/revisions\/2916"}],"wp:featuredmedia":[{"embeddable":true,"href":"https:\/\/agora.xtec.cat\/iespauclaris\/wp-json\/wp\/v2\/media\/2876"}],"wp:attachment":[{"href":"https:\/\/agora.xtec.cat\/iespauclaris\/wp-json\/wp\/v2\/media?parent=2873"}],"wp:term":[{"taxonomy":"category","embeddable":true,"href":"https:\/\/agora.xtec.cat\/iespauclaris\/wp-json\/wp\/v2\/categories?post=2873"},{"taxonomy":"post_tag","embeddable":true,"href":"https:\/\/agora.xtec.cat\/iespauclaris\/wp-json\/wp\/v2\/tags?post=2873"}],"curies":[{"name":"wp","href":"https:\/\/api.w.org\/{rel}","templated":true}]}}