{"id":2848,"date":"2022-03-08T09:55:42","date_gmt":"2022-03-08T08:55:42","guid":{"rendered":"https:\/\/agora.xtec.cat\/iespauclaris\/?p=2848"},"modified":"2022-03-08T12:54:00","modified_gmt":"2022-03-08T11:54:00","slug":"narrant-lexili-en-1a-persona","status":"publish","type":"post","link":"https:\/\/agora.xtec.cat\/iespauclaris\/eso\/eso-4\/narrant-lexili-en-1a-persona\/","title":{"rendered":"Narrant l&#8217;exili en 1a persona"},"content":{"rendered":"<p>Dins del projecte <strong>MUSSOL &#8220;No podem oblidar-ho&#8221;<\/strong> realitzat pels alumnes de 4t d&#8217;ESO hem treballat l&#8217;exili provocat per la Guerra Civil. Com producte final hem dut a terme entrevistes amb persones que ho van viure directament patint les conseq\u00fc\u00e8ncies de la guerra o persones que ho han estudiat per documentar un fet hist\u00f2ric del nostre pa\u00eds que no podem oblidar. Ara m\u00e9s que mai, amb la guerra a Ucra\u00efna, aquests relats s\u00f3n m\u00e9s propers que mai. NO a la guerra! Volem la pau al m\u00f3n!<\/p>\n<table style=\"border-collapse: collapse; width: 100%;\">\n<tbody>\n<tr>\n<td style=\"width: 53.3357%;\"><iframe loading=\"lazy\" title=\"YouTube video player\" src=\"https:\/\/www.youtube.com\/embed\/yn9HsRw3Eh0\" width=\"560\" height=\"315\" frameborder=\"0\" allowfullscreen=\"allowfullscreen\"><\/iframe><\/td>\n<td style=\"width: 46.6643%;\">\n<div><b>Entrevista a Rosa Toran (Projecte MUSSOL, Institut Pau Claris). <\/b>Expresidenta de l&#8217;Amical de Mauthausen i historiadora, ens exposa el seu testimoni sobre\u00a0la deportaci\u00f3 i la vida als camps nazis, com a familiar, investigadora i divulgadora.<\/div>\n<div>El projecte MUSSOL de 4t d&#8217;ESO engloba les lleng\u00fces, les ci\u00e8ncies socials i la m\u00fasica. Al segon trimestre ens hem centrat en l&#8217;exili a trav\u00e9s del projecte &#8220;No podem oblidar-ho&#8221;.<\/div>\n<\/td>\n<\/tr>\n<tr>\n<td style=\"width: 53.3357%;\"><iframe loading=\"lazy\" title=\"YouTube video player\" src=\"https:\/\/www.youtube.com\/embed\/8-QVsTm476A\" width=\"560\" height=\"315\" frameborder=\"0\" allowfullscreen=\"allowfullscreen\"><\/iframe><\/td>\n<td style=\"width: 46.6643%;\">\n<div><b>Entrevista a Juan Rodr\u00edguez\u00a0<\/b><b>(Projecte MUSSOL, Institut Pau Claris).\u00a0<\/b>En aquesta entrevista, el professor de literatura de la Universitat Aut\u00f2noma de Barcelona, Juan Rodr\u00edguez, ens acosta a la literatura espanyola del segle XX, amb especial atenci\u00f3 a la de l&#8217;exili.<\/div>\n<\/td>\n<\/tr>\n<\/tbody>\n<\/table>\n","protected":false},"excerpt":{"rendered":"<p>Dins del projecte MUSSOL &#8220;No podem oblidar-ho&#8221; realitzat pels alumnes de 4t d&#8217;ESO hem treballat l&#8217;exili provocat per la Guerra Civil. Com producte final hem dut a terme entrevistes amb persones que ho van viure directament patint les conseq\u00fc\u00e8ncies de la guerra o persones que&hellip;  <a href=\"https:\/\/agora.xtec.cat\/iespauclaris\/eso\/eso-4\/narrant-lexili-en-1a-persona\/\" title=\"Read Narrant l&#8217;exili en 1a persona\">Llegeix m\u00e9s\u00bb<\/a><\/p>\n","protected":false},"author":1,"featured_media":2849,"comment_status":"open","ping_status":"closed","sticky":false,"template":"","format":"standard","meta":{"_bbp_topic_count":0,"_bbp_reply_count":0,"_bbp_total_topic_count":0,"_bbp_total_reply_count":0,"_bbp_voice_count":0,"_bbp_anonymous_reply_count":0,"_bbp_topic_count_hidden":0,"_bbp_reply_count_hidden":0,"_bbp_forum_subforum_count":0,"footnotes":""},"categories":[7,29],"tags":[],"class_list":["post-2848","post","type-post","status-publish","format-standard","has-post-thumbnail","hentry","category-eso-4","category-portada"],"post_mailing_queue_ids":[],"_links":{"self":[{"href":"https:\/\/agora.xtec.cat\/iespauclaris\/wp-json\/wp\/v2\/posts\/2848","targetHints":{"allow":["GET"]}}],"collection":[{"href":"https:\/\/agora.xtec.cat\/iespauclaris\/wp-json\/wp\/v2\/posts"}],"about":[{"href":"https:\/\/agora.xtec.cat\/iespauclaris\/wp-json\/wp\/v2\/types\/post"}],"author":[{"embeddable":true,"href":"https:\/\/agora.xtec.cat\/iespauclaris\/wp-json\/wp\/v2\/users\/1"}],"replies":[{"embeddable":true,"href":"https:\/\/agora.xtec.cat\/iespauclaris\/wp-json\/wp\/v2\/comments?post=2848"}],"version-history":[{"count":3,"href":"https:\/\/agora.xtec.cat\/iespauclaris\/wp-json\/wp\/v2\/posts\/2848\/revisions"}],"predecessor-version":[{"id":2856,"href":"https:\/\/agora.xtec.cat\/iespauclaris\/wp-json\/wp\/v2\/posts\/2848\/revisions\/2856"}],"wp:featuredmedia":[{"embeddable":true,"href":"https:\/\/agora.xtec.cat\/iespauclaris\/wp-json\/wp\/v2\/media\/2849"}],"wp:attachment":[{"href":"https:\/\/agora.xtec.cat\/iespauclaris\/wp-json\/wp\/v2\/media?parent=2848"}],"wp:term":[{"taxonomy":"category","embeddable":true,"href":"https:\/\/agora.xtec.cat\/iespauclaris\/wp-json\/wp\/v2\/categories?post=2848"},{"taxonomy":"post_tag","embeddable":true,"href":"https:\/\/agora.xtec.cat\/iespauclaris\/wp-json\/wp\/v2\/tags?post=2848"}],"curies":[{"name":"wp","href":"https:\/\/api.w.org\/{rel}","templated":true}]}}