{"id":2813,"date":"2022-02-26T20:49:07","date_gmt":"2022-02-26T19:49:07","guid":{"rendered":"https:\/\/agora.xtec.cat\/iespauclaris\/?p=2813"},"modified":"2022-02-26T20:52:26","modified_gmt":"2022-02-26T19:52:26","slug":"no-a-la-guerra","status":"publish","type":"post","link":"https:\/\/agora.xtec.cat\/iespauclaris\/general\/no-a-la-guerra\/","title":{"rendered":"No a la guerra"},"content":{"rendered":"<p>Despr\u00e9s dels darrers esdeveniments a Ucra\u00efna, volem expressar el nostre rebuig a la guerra. Al Pau Claris treballem di\u00e0riament pel di\u00e0leg i l&#8217;entesa entre tots els interlocutors. Esperem i desitgem la fi de les hostilitats. Que la barb\u00e0rie no venci la paraula.<\/p>\n","protected":false},"excerpt":{"rendered":"<p>Despr\u00e9s dels darrers esdeveniments a Ucra\u00efna, volem expressar el nostre rebuig a la guerra. Al Pau Claris treballem di\u00e0riament pel di\u00e0leg i l&#8217;entesa entre tots els interlocutors. Esperem i desitgem la fi de les hostilitats. Que la barb\u00e0rie no venci la paraula.<\/p>\n","protected":false},"author":1,"featured_media":2817,"comment_status":"open","ping_status":"closed","sticky":false,"template":"","format":"standard","meta":{"_bbp_topic_count":0,"_bbp_reply_count":0,"_bbp_total_topic_count":0,"_bbp_total_reply_count":0,"_bbp_voice_count":0,"_bbp_anonymous_reply_count":0,"_bbp_topic_count_hidden":0,"_bbp_reply_count_hidden":0,"_bbp_forum_subforum_count":0,"footnotes":""},"categories":[1,29],"tags":[],"class_list":["post-2813","post","type-post","status-publish","format-standard","has-post-thumbnail","hentry","category-general","category-portada"],"post_mailing_queue_ids":[],"_links":{"self":[{"href":"https:\/\/agora.xtec.cat\/iespauclaris\/wp-json\/wp\/v2\/posts\/2813","targetHints":{"allow":["GET"]}}],"collection":[{"href":"https:\/\/agora.xtec.cat\/iespauclaris\/wp-json\/wp\/v2\/posts"}],"about":[{"href":"https:\/\/agora.xtec.cat\/iespauclaris\/wp-json\/wp\/v2\/types\/post"}],"author":[{"embeddable":true,"href":"https:\/\/agora.xtec.cat\/iespauclaris\/wp-json\/wp\/v2\/users\/1"}],"replies":[{"embeddable":true,"href":"https:\/\/agora.xtec.cat\/iespauclaris\/wp-json\/wp\/v2\/comments?post=2813"}],"version-history":[{"count":2,"href":"https:\/\/agora.xtec.cat\/iespauclaris\/wp-json\/wp\/v2\/posts\/2813\/revisions"}],"predecessor-version":[{"id":2816,"href":"https:\/\/agora.xtec.cat\/iespauclaris\/wp-json\/wp\/v2\/posts\/2813\/revisions\/2816"}],"wp:featuredmedia":[{"embeddable":true,"href":"https:\/\/agora.xtec.cat\/iespauclaris\/wp-json\/wp\/v2\/media\/2817"}],"wp:attachment":[{"href":"https:\/\/agora.xtec.cat\/iespauclaris\/wp-json\/wp\/v2\/media?parent=2813"}],"wp:term":[{"taxonomy":"category","embeddable":true,"href":"https:\/\/agora.xtec.cat\/iespauclaris\/wp-json\/wp\/v2\/categories?post=2813"},{"taxonomy":"post_tag","embeddable":true,"href":"https:\/\/agora.xtec.cat\/iespauclaris\/wp-json\/wp\/v2\/tags?post=2813"}],"curies":[{"name":"wp","href":"https:\/\/api.w.org\/{rel}","templated":true}]}}