{"id":2789,"date":"2022-02-21T18:03:01","date_gmt":"2022-02-21T17:03:01","guid":{"rendered":"https:\/\/agora.xtec.cat\/iespauclaris\/?p=2789"},"modified":"2022-02-21T18:26:54","modified_gmt":"2022-02-21T17:26:54","slug":"1bat-a-la-lliga-de-debat","status":"publish","type":"post","link":"https:\/\/agora.xtec.cat\/iespauclaris\/general\/1bat-a-la-lliga-de-debat\/","title":{"rendered":"1BAT a la Lliga de debat"},"content":{"rendered":"<p>Per segon any, el Pau Claris ha participat en la <a href=\"https:\/\/www.vives.org\/programes\/estudiants\/lliga-debat-secundaria-batxillerat\/\" target=\"_blank\" rel=\"noopener\">Lliga de debat<\/a> de Secund\u00e0ria i Batxillerat de la xarxa Vives. Aquest any la pregunta ha estat <em>Cal posar l\u00edmits a la ci\u00e8ncia?<\/em> Les alumnes de Psicologia i Sociologia de 1r de Batxillerat hem defensat les postures tant a favor com en contra en els dos debats en qu\u00e8 hem participat a l&#8217;auditori de la Universitat Aut\u00f2noma de Barcelona. Moltes gr\u00e0cies a l&#8217;organitzaci\u00f3 i al equips amb el que hem debatut. Una experi\u00e8ncia molt enriquidora. I tornarem l&#8217;any vinent, segur. M\u00e9s informaci\u00f3 al <a href=\"https:\/\/www.uab.cat\/web\/viure-el-campus\/participacio-estudiantil\/suma-t-al-debat\/lliga-de-secundaria-i-batxillerat-1345696924649.html\" target=\"_blank\" rel=\"noopener\">Blog<\/a> de l&#8217;UAB.<\/p>\n<p><a href=\"https:\/\/agora.xtec.cat\/iespauclaris\/wp-content\/uploads\/usu835\/2022\/02\/Lliga-02.jpeg\"><img loading=\"lazy\" decoding=\"async\" class=\"alignnone size-thumbnail wp-image-2793\" src=\"https:\/\/agora.xtec.cat\/iespauclaris\/wp-content\/uploads\/usu835\/2022\/02\/Lliga-02-150x150.jpeg\" alt=\"\" width=\"150\" height=\"150\" \/><\/a> <a href=\"https:\/\/agora.xtec.cat\/iespauclaris\/wp-content\/uploads\/usu835\/2022\/02\/Lliga-03.jpeg\"><img loading=\"lazy\" decoding=\"async\" class=\"alignnone size-thumbnail wp-image-2794\" src=\"https:\/\/agora.xtec.cat\/iespauclaris\/wp-content\/uploads\/usu835\/2022\/02\/Lliga-03-150x150.jpeg\" alt=\"\" width=\"150\" height=\"150\" \/><\/a> <a href=\"https:\/\/agora.xtec.cat\/iespauclaris\/wp-content\/uploads\/usu835\/2022\/02\/Lliga-07.jpeg\"><img loading=\"lazy\" decoding=\"async\" class=\"alignnone size-thumbnail wp-image-2792\" src=\"https:\/\/agora.xtec.cat\/iespauclaris\/wp-content\/uploads\/usu835\/2022\/02\/Lliga-07-150x150.jpeg\" alt=\"\" width=\"150\" height=\"150\" \/><\/a> <a href=\"https:\/\/agora.xtec.cat\/iespauclaris\/wp-content\/uploads\/usu835\/2022\/02\/Lliga-00.jpeg\"><img loading=\"lazy\" decoding=\"async\" class=\"alignnone size-thumbnail wp-image-2791\" src=\"https:\/\/agora.xtec.cat\/iespauclaris\/wp-content\/uploads\/usu835\/2022\/02\/Lliga-00-150x150.jpeg\" alt=\"\" width=\"150\" height=\"150\" \/><\/a><\/p>\n","protected":false},"excerpt":{"rendered":"<p>Per segon any, el Pau Claris ha participat en la <a href=\"https:\/\/www.vives.org\/programes\/estudiants\/lliga-debat-secundaria-batxillerat\/\" target=\"_blank\" rel=\"noopener\">Lliga de debat<\/a> de Secund\u00e0ria i Batxillerat de la xarxa Vives. Aquest any la pregunta ha estat Cal posar l\u00edmits a la ci\u00e8ncia? Les alumnes de Psicologia i Sociologia de 1r de&hellip;  <a href=\"https:\/\/agora.xtec.cat\/iespauclaris\/general\/1bat-a-la-lliga-de-debat\/\" title=\"Read 1BAT a la Lliga de debat\">Llegeix m\u00e9s\u00bb<\/a><\/p>\n","protected":false},"author":1,"featured_media":2790,"comment_status":"open","ping_status":"closed","sticky":false,"template":"","format":"standard","meta":{"_bbp_topic_count":0,"_bbp_reply_count":0,"_bbp_total_topic_count":0,"_bbp_total_reply_count":0,"_bbp_voice_count":0,"_bbp_anonymous_reply_count":0,"_bbp_topic_count_hidden":0,"_bbp_reply_count_hidden":0,"_bbp_forum_subforum_count":0,"footnotes":""},"categories":[8,1,29],"tags":[],"class_list":["post-2789","post","type-post","status-publish","format-standard","has-post-thumbnail","hentry","category-batxillerat","category-general","category-portada"],"post_mailing_queue_ids":[],"_links":{"self":[{"href":"https:\/\/agora.xtec.cat\/iespauclaris\/wp-json\/wp\/v2\/posts\/2789","targetHints":{"allow":["GET"]}}],"collection":[{"href":"https:\/\/agora.xtec.cat\/iespauclaris\/wp-json\/wp\/v2\/posts"}],"about":[{"href":"https:\/\/agora.xtec.cat\/iespauclaris\/wp-json\/wp\/v2\/types\/post"}],"author":[{"embeddable":true,"href":"https:\/\/agora.xtec.cat\/iespauclaris\/wp-json\/wp\/v2\/users\/1"}],"replies":[{"embeddable":true,"href":"https:\/\/agora.xtec.cat\/iespauclaris\/wp-json\/wp\/v2\/comments?post=2789"}],"version-history":[{"count":2,"href":"https:\/\/agora.xtec.cat\/iespauclaris\/wp-json\/wp\/v2\/posts\/2789\/revisions"}],"predecessor-version":[{"id":2796,"href":"https:\/\/agora.xtec.cat\/iespauclaris\/wp-json\/wp\/v2\/posts\/2789\/revisions\/2796"}],"wp:featuredmedia":[{"embeddable":true,"href":"https:\/\/agora.xtec.cat\/iespauclaris\/wp-json\/wp\/v2\/media\/2790"}],"wp:attachment":[{"href":"https:\/\/agora.xtec.cat\/iespauclaris\/wp-json\/wp\/v2\/media?parent=2789"}],"wp:term":[{"taxonomy":"category","embeddable":true,"href":"https:\/\/agora.xtec.cat\/iespauclaris\/wp-json\/wp\/v2\/categories?post=2789"},{"taxonomy":"post_tag","embeddable":true,"href":"https:\/\/agora.xtec.cat\/iespauclaris\/wp-json\/wp\/v2\/tags?post=2789"}],"curies":[{"name":"wp","href":"https:\/\/api.w.org\/{rel}","templated":true}]}}