{"id":2776,"date":"2022-02-17T14:53:07","date_gmt":"2022-02-17T13:53:07","guid":{"rendered":"https:\/\/agora.xtec.cat\/iespauclaris\/?p=2776"},"modified":"2022-02-17T14:53:31","modified_gmt":"2022-02-17T13:53:31","slug":"ciencia-sescriu-amb-a","status":"publish","type":"post","link":"https:\/\/agora.xtec.cat\/iespauclaris\/general\/ciencia-sescriu-amb-a\/","title":{"rendered":"Ci\u00e8ncia s&#8217;escriu amb A!"},"content":{"rendered":"<p>Quantes activitats pel <strong>Dia internacional de la dona i la nena a la ci\u00e8ncia<\/strong>! Visita d&#8217;<strong>Elena Gobar<\/strong> de laboratoris Boehringer com a embaixadora #100tifiques de @fundaciorecerca amb els i les alumnes de 1r d&#8217;ESO. Confer\u00e8ncia de la <strong>Montse Daban<\/strong> Head of International Relations de @gencat sobre perqu\u00e8 s\u00f3n importants les #100tifiques amb els i les alumnes de 4r d&#8217;ESO.\u00a0Molt did\u00e0ctica la xerrada de <strong>M. Rosa Sarrias<\/strong>, cap de recerca del @Innate_IGTP de l&#8217;Hospital Can Ruti @hgermanstrias amb l&#8217;alumnat de 1r de Batxillerat. Ha estat un plaer rebre a <strong>Cristina Vilaplana<\/strong>, l\u00edder en la recerca de la tuberculosi @TB_UITB de l&#8217;Hospital Can Ruti @hgermanstrias i professora de @cienciesUAB a 2n d&#8217;ESO.\u00a0<strong>Gemma Tell<\/strong>, investigadora de l&#8217;@hospitalclinic ha dirigit una pr\u00e0ctica de laboratori a 1r de Batxillerat i una altra a 2n de Batxillerat. Moltes gr\u00e0cies a totes! Una jornada superinteressant i motivadora per a les vocacions cient\u00edfiques de les nostres estudiants!<\/p>\n<p><a href=\"https:\/\/agora.xtec.cat\/iespauclaris\/wp-content\/uploads\/usu835\/2022\/02\/Ciencia-02.jpg\"><img loading=\"lazy\" decoding=\"async\" class=\"alignnone wp-image-2777 size-thumbnail\" src=\"https:\/\/agora.xtec.cat\/iespauclaris\/wp-content\/uploads\/usu835\/2022\/02\/Ciencia-02-150x150.jpg\" alt=\"\" width=\"150\" height=\"150\" \/><\/a> <a href=\"https:\/\/agora.xtec.cat\/iespauclaris\/wp-content\/uploads\/usu835\/2022\/02\/Ciencia-03.jpg\"><img loading=\"lazy\" decoding=\"async\" class=\"alignnone wp-image-2778 size-thumbnail\" src=\"https:\/\/agora.xtec.cat\/iespauclaris\/wp-content\/uploads\/usu835\/2022\/02\/Ciencia-03-150x150.jpg\" alt=\"\" width=\"150\" height=\"150\" \/> <\/a><a href=\"https:\/\/agora.xtec.cat\/iespauclaris\/wp-content\/uploads\/usu835\/2022\/02\/Ciencia-005.jpg\"><img loading=\"lazy\" decoding=\"async\" class=\"alignnone wp-image-2784 size-thumbnail\" src=\"https:\/\/agora.xtec.cat\/iespauclaris\/wp-content\/uploads\/usu835\/2022\/02\/Ciencia-005-150x150.jpg\" alt=\"\" width=\"150\" height=\"150\" srcset=\"https:\/\/agora.xtec.cat\/iespauclaris\/wp-content\/uploads\/usu835\/2022\/02\/Ciencia-005-150x150.jpg 150w, https:\/\/agora.xtec.cat\/iespauclaris\/wp-content\/uploads\/usu835\/2022\/02\/Ciencia-005-300x300.jpg 300w, https:\/\/agora.xtec.cat\/iespauclaris\/wp-content\/uploads\/usu835\/2022\/02\/Ciencia-005.jpg 442w\" sizes=\"auto, (max-width: 150px) 100vw, 150px\" \/><\/a><a href=\"https:\/\/agora.xtec.cat\/iespauclaris\/wp-content\/uploads\/usu835\/2022\/02\/Ciencia-001.jpg\"> <img loading=\"lazy\" decoding=\"async\" class=\"alignnone wp-image-2785 size-thumbnail\" src=\"https:\/\/agora.xtec.cat\/iespauclaris\/wp-content\/uploads\/usu835\/2022\/02\/Ciencia-001-150x150.jpg\" alt=\"\" width=\"150\" height=\"150\" srcset=\"https:\/\/agora.xtec.cat\/iespauclaris\/wp-content\/uploads\/usu835\/2022\/02\/Ciencia-001-150x150.jpg 150w, https:\/\/agora.xtec.cat\/iespauclaris\/wp-content\/uploads\/usu835\/2022\/02\/Ciencia-001-300x300.jpg 300w, https:\/\/agora.xtec.cat\/iespauclaris\/wp-content\/uploads\/usu835\/2022\/02\/Ciencia-001.jpg 442w\" sizes=\"auto, (max-width: 150px) 100vw, 150px\" \/><\/a><\/p>\n","protected":false},"excerpt":{"rendered":"<p>Quantes activitats pel Dia internacional de la dona i la nena a la ci\u00e8ncia! Visita d&#8217;Elena Gobar de laboratoris Boehringer com a embaixadora #100tifiques de @fundaciorecerca amb els i les alumnes de 1r d&#8217;ESO. Confer\u00e8ncia de la Montse Daban Head of International Relations de @gencat&hellip;  <a href=\"https:\/\/agora.xtec.cat\/iespauclaris\/general\/ciencia-sescriu-amb-a\/\" title=\"Read Ci\u00e8ncia s&#8217;escriu amb A!\">Llegeix m\u00e9s\u00bb<\/a><\/p>\n","protected":false},"author":1,"featured_media":2783,"comment_status":"open","ping_status":"closed","sticky":false,"template":"","format":"standard","meta":{"_bbp_topic_count":0,"_bbp_reply_count":0,"_bbp_total_topic_count":0,"_bbp_total_reply_count":0,"_bbp_voice_count":0,"_bbp_anonymous_reply_count":0,"_bbp_topic_count_hidden":0,"_bbp_reply_count_hidden":0,"_bbp_forum_subforum_count":0,"footnotes":""},"categories":[1,29],"tags":[],"class_list":["post-2776","post","type-post","status-publish","format-standard","has-post-thumbnail","hentry","category-general","category-portada"],"post_mailing_queue_ids":[],"_links":{"self":[{"href":"https:\/\/agora.xtec.cat\/iespauclaris\/wp-json\/wp\/v2\/posts\/2776","targetHints":{"allow":["GET"]}}],"collection":[{"href":"https:\/\/agora.xtec.cat\/iespauclaris\/wp-json\/wp\/v2\/posts"}],"about":[{"href":"https:\/\/agora.xtec.cat\/iespauclaris\/wp-json\/wp\/v2\/types\/post"}],"author":[{"embeddable":true,"href":"https:\/\/agora.xtec.cat\/iespauclaris\/wp-json\/wp\/v2\/users\/1"}],"replies":[{"embeddable":true,"href":"https:\/\/agora.xtec.cat\/iespauclaris\/wp-json\/wp\/v2\/comments?post=2776"}],"version-history":[{"count":3,"href":"https:\/\/agora.xtec.cat\/iespauclaris\/wp-json\/wp\/v2\/posts\/2776\/revisions"}],"predecessor-version":[{"id":2788,"href":"https:\/\/agora.xtec.cat\/iespauclaris\/wp-json\/wp\/v2\/posts\/2776\/revisions\/2788"}],"wp:featuredmedia":[{"embeddable":true,"href":"https:\/\/agora.xtec.cat\/iespauclaris\/wp-json\/wp\/v2\/media\/2783"}],"wp:attachment":[{"href":"https:\/\/agora.xtec.cat\/iespauclaris\/wp-json\/wp\/v2\/media?parent=2776"}],"wp:term":[{"taxonomy":"category","embeddable":true,"href":"https:\/\/agora.xtec.cat\/iespauclaris\/wp-json\/wp\/v2\/categories?post=2776"},{"taxonomy":"post_tag","embeddable":true,"href":"https:\/\/agora.xtec.cat\/iespauclaris\/wp-json\/wp\/v2\/tags?post=2776"}],"curies":[{"name":"wp","href":"https:\/\/api.w.org\/{rel}","templated":true}]}}