{"id":2721,"date":"2022-02-10T14:49:25","date_gmt":"2022-02-10T13:49:25","guid":{"rendered":"https:\/\/agora.xtec.cat\/iespauclaris\/?p=2721"},"modified":"2022-02-10T16:54:22","modified_gmt":"2022-02-10T15:54:22","slug":"2bat-a-lmnac","status":"publish","type":"post","link":"https:\/\/agora.xtec.cat\/iespauclaris\/general\/2bat-a-lmnac\/","title":{"rendered":"2BAT a l&#8217;MNAC"},"content":{"rendered":"<p>Els alumnes d&#8217;Hist\u00f2ria de l&#8217;Art de 2n de Batxillerat hem fet un itinerari per observar obres seleccionades de la col\u00b7lecci\u00f3 del <a href=\"https:\/\/www.museunacional.cat\/ca\" target=\"_blank\" rel=\"noopener\">MNAC<\/a> des de l&#8217;Art Rom\u00e0nic i G\u00f2tic, passant pel Renaixement i Barroc, fins a arribar a l&#8217;Art Modern. A m\u00e9s, vam veure l&#8217;exposici\u00f3 <em>El museu en perill! Salvaguarda i endre\u00e7a de l\u2019art catal\u00e0 durant la guerra civil <\/em>i vam visitar el <a href=\"https:\/\/miesbcn.com\/ca\/el-pavello\/\" target=\"_blank\" rel=\"noopener\">Pavell\u00f3 Alemany de Mies van der Rohe<\/a>, dissenyat per a l&#8217;exposici\u00f3 universal de Barcelona del 1929. Quin mat\u00ed m\u00e9s complet!<\/p>\n<p><a style=\"color: #2795b6;\" href=\"https:\/\/agora.xtec.cat\/iespauclaris\/wp-content\/uploads\/usu835\/2022\/02\/IMG_20220209_152502.jpeg\"><img loading=\"lazy\" decoding=\"async\" class=\"size-thumbnail wp-image-2736 alignnone\" src=\"https:\/\/agora.xtec.cat\/iespauclaris\/wp-content\/uploads\/usu835\/2022\/02\/IMG_20220209_214631-150x150.jpeg\" alt=\"\" width=\"150\" height=\"150\" srcset=\"https:\/\/agora.xtec.cat\/iespauclaris\/wp-content\/uploads\/usu835\/2022\/02\/IMG_20220209_214631-150x150.jpeg 150w, https:\/\/agora.xtec.cat\/iespauclaris\/wp-content\/uploads\/usu835\/2022\/02\/IMG_20220209_214631-300x300.jpeg 300w, https:\/\/agora.xtec.cat\/iespauclaris\/wp-content\/uploads\/usu835\/2022\/02\/IMG_20220209_214631-1024x1024.jpeg 1024w, https:\/\/agora.xtec.cat\/iespauclaris\/wp-content\/uploads\/usu835\/2022\/02\/IMG_20220209_214631-768x768.jpeg 768w, https:\/\/agora.xtec.cat\/iespauclaris\/wp-content\/uploads\/usu835\/2022\/02\/IMG_20220209_214631-1536x1536.jpeg 1536w, https:\/\/agora.xtec.cat\/iespauclaris\/wp-content\/uploads\/usu835\/2022\/02\/IMG_20220209_214631-2048x2048.jpeg 2048w\" sizes=\"auto, (max-width: 150px) 100vw, 150px\" \/>\u00a0<\/a><img loading=\"lazy\" decoding=\"async\" class=\"wp-image-2737 size-thumbnail\" src=\"https:\/\/agora.xtec.cat\/iespauclaris\/wp-content\/uploads\/usu835\/2022\/02\/IMG_20220208_105530-150x150.jpeg\" alt=\"\" width=\"150\" height=\"150\" srcset=\"https:\/\/agora.xtec.cat\/iespauclaris\/wp-content\/uploads\/usu835\/2022\/02\/IMG_20220208_105530-150x150.jpeg 150w, https:\/\/agora.xtec.cat\/iespauclaris\/wp-content\/uploads\/usu835\/2022\/02\/IMG_20220208_105530-300x300.jpeg 300w, https:\/\/agora.xtec.cat\/iespauclaris\/wp-content\/uploads\/usu835\/2022\/02\/IMG_20220208_105530-1024x1024.jpeg 1024w, https:\/\/agora.xtec.cat\/iespauclaris\/wp-content\/uploads\/usu835\/2022\/02\/IMG_20220208_105530-768x768.jpeg 768w, https:\/\/agora.xtec.cat\/iespauclaris\/wp-content\/uploads\/usu835\/2022\/02\/IMG_20220208_105530-1536x1536.jpeg 1536w, https:\/\/agora.xtec.cat\/iespauclaris\/wp-content\/uploads\/usu835\/2022\/02\/IMG_20220208_105530-2048x2048.jpeg 2048w\" sizes=\"auto, (max-width: 150px) 100vw, 150px\" \/> <a style=\"font-family: inherit; font-size: 1em;\" href=\"https:\/\/agora.xtec.cat\/iespauclaris\/wp-content\/uploads\/usu835\/2022\/02\/IMG_20220208_114824.jpeg\"><img loading=\"lazy\" decoding=\"async\" class=\"alignnone wp-image-2738 \" src=\"https:\/\/agora.xtec.cat\/iespauclaris\/wp-content\/uploads\/usu835\/2022\/02\/IMG_20220208_114824-150x150.jpeg\" alt=\"\" width=\"150\" height=\"150\" srcset=\"https:\/\/agora.xtec.cat\/iespauclaris\/wp-content\/uploads\/usu835\/2022\/02\/IMG_20220208_114824-150x150.jpeg 150w, https:\/\/agora.xtec.cat\/iespauclaris\/wp-content\/uploads\/usu835\/2022\/02\/IMG_20220208_114824-300x300.jpeg 300w, https:\/\/agora.xtec.cat\/iespauclaris\/wp-content\/uploads\/usu835\/2022\/02\/IMG_20220208_114824-1024x1024.jpeg 1024w, https:\/\/agora.xtec.cat\/iespauclaris\/wp-content\/uploads\/usu835\/2022\/02\/IMG_20220208_114824-768x768.jpeg 768w, https:\/\/agora.xtec.cat\/iespauclaris\/wp-content\/uploads\/usu835\/2022\/02\/IMG_20220208_114824-1536x1536.jpeg 1536w, https:\/\/agora.xtec.cat\/iespauclaris\/wp-content\/uploads\/usu835\/2022\/02\/IMG_20220208_114824-2048x2048.jpeg 2048w\" sizes=\"auto, (max-width: 150px) 100vw, 150px\" \/><\/a><a style=\"font-family: inherit; font-size: 1em;\" href=\"https:\/\/agora.xtec.cat\/iespauclaris\/wp-content\/uploads\/usu835\/2022\/02\/IMG_20220209_152502.jpeg\">\u00a0<img loading=\"lazy\" decoding=\"async\" class=\"wp-image-2739 size-thumbnail alignnone\" src=\"https:\/\/agora.xtec.cat\/iespauclaris\/wp-content\/uploads\/usu835\/2022\/02\/IMG_20220209_152502-150x150.jpeg\" alt=\"\" width=\"150\" height=\"150\" srcset=\"https:\/\/agora.xtec.cat\/iespauclaris\/wp-content\/uploads\/usu835\/2022\/02\/IMG_20220209_152502-150x150.jpeg 150w, https:\/\/agora.xtec.cat\/iespauclaris\/wp-content\/uploads\/usu835\/2022\/02\/IMG_20220209_152502-300x300.jpeg 300w, https:\/\/agora.xtec.cat\/iespauclaris\/wp-content\/uploads\/usu835\/2022\/02\/IMG_20220209_152502-1024x1024.jpeg 1024w, https:\/\/agora.xtec.cat\/iespauclaris\/wp-content\/uploads\/usu835\/2022\/02\/IMG_20220209_152502-768x768.jpeg 768w, https:\/\/agora.xtec.cat\/iespauclaris\/wp-content\/uploads\/usu835\/2022\/02\/IMG_20220209_152502-1536x1536.jpeg 1536w, https:\/\/agora.xtec.cat\/iespauclaris\/wp-content\/uploads\/usu835\/2022\/02\/IMG_20220209_152502-2048x2048.jpeg 2048w\" sizes=\"auto, (max-width: 150px) 100vw, 150px\" \/><\/a><\/p>\n<p style=\"text-align: left;\">\n","protected":false},"excerpt":{"rendered":"<p>Els alumnes d&#8217;Hist\u00f2ria de l&#8217;Art de 2n de Batxillerat hem fet un itinerari per observar obres seleccionades de la col\u00b7lecci\u00f3 del <a href=\"https:\/\/www.museunacional.cat\/ca\" target=\"_blank\" rel=\"noopener\">MNAC<\/a> des de l&#8217;Art Rom\u00e0nic i G\u00f2tic, passant pel Renaixement i Barroc, fins a arribar a l&#8217;Art Modern. A m\u00e9s, vam&hellip;  <a href=\"https:\/\/agora.xtec.cat\/iespauclaris\/general\/2bat-a-lmnac\/\" title=\"Read 2BAT a l&#8217;MNAC\">Llegeix m\u00e9s\u00bb<\/a><\/p>\n","protected":false},"author":1,"featured_media":2722,"comment_status":"open","ping_status":"closed","sticky":false,"template":"","format":"standard","meta":{"_bbp_topic_count":0,"_bbp_reply_count":0,"_bbp_total_topic_count":0,"_bbp_total_reply_count":0,"_bbp_voice_count":0,"_bbp_anonymous_reply_count":0,"_bbp_topic_count_hidden":0,"_bbp_reply_count_hidden":0,"_bbp_forum_subforum_count":0,"footnotes":""},"categories":[8,1,29],"tags":[],"class_list":["post-2721","post","type-post","status-publish","format-standard","has-post-thumbnail","hentry","category-batxillerat","category-general","category-portada"],"post_mailing_queue_ids":[],"_links":{"self":[{"href":"https:\/\/agora.xtec.cat\/iespauclaris\/wp-json\/wp\/v2\/posts\/2721","targetHints":{"allow":["GET"]}}],"collection":[{"href":"https:\/\/agora.xtec.cat\/iespauclaris\/wp-json\/wp\/v2\/posts"}],"about":[{"href":"https:\/\/agora.xtec.cat\/iespauclaris\/wp-json\/wp\/v2\/types\/post"}],"author":[{"embeddable":true,"href":"https:\/\/agora.xtec.cat\/iespauclaris\/wp-json\/wp\/v2\/users\/1"}],"replies":[{"embeddable":true,"href":"https:\/\/agora.xtec.cat\/iespauclaris\/wp-json\/wp\/v2\/comments?post=2721"}],"version-history":[{"count":3,"href":"https:\/\/agora.xtec.cat\/iespauclaris\/wp-json\/wp\/v2\/posts\/2721\/revisions"}],"predecessor-version":[{"id":2741,"href":"https:\/\/agora.xtec.cat\/iespauclaris\/wp-json\/wp\/v2\/posts\/2721\/revisions\/2741"}],"wp:featuredmedia":[{"embeddable":true,"href":"https:\/\/agora.xtec.cat\/iespauclaris\/wp-json\/wp\/v2\/media\/2722"}],"wp:attachment":[{"href":"https:\/\/agora.xtec.cat\/iespauclaris\/wp-json\/wp\/v2\/media?parent=2721"}],"wp:term":[{"taxonomy":"category","embeddable":true,"href":"https:\/\/agora.xtec.cat\/iespauclaris\/wp-json\/wp\/v2\/categories?post=2721"},{"taxonomy":"post_tag","embeddable":true,"href":"https:\/\/agora.xtec.cat\/iespauclaris\/wp-json\/wp\/v2\/tags?post=2721"}],"curies":[{"name":"wp","href":"https:\/\/api.w.org\/{rel}","templated":true}]}}