{"id":2695,"date":"2022-02-08T12:15:15","date_gmt":"2022-02-08T11:15:15","guid":{"rendered":"https:\/\/agora.xtec.cat\/iespauclaris\/?p=2695"},"modified":"2022-06-02T13:57:59","modified_gmt":"2022-06-02T11:57:59","slug":"linguasoc","status":"publish","type":"post","link":"https:\/\/agora.xtec.cat\/iespauclaris\/eso\/eso-2\/linguasoc\/","title":{"rendered":"LinguaSoc a 2n d&#8217;ESO"},"content":{"rendered":"<p>A 2n d&#8217;ESO hem fet un recorregut per diferents punts de la <a href=\"https:\/\/www.barcelona.cat\/es\/conocebcn\/la-historia\/la-barcelona-medieval\" target=\"_blank\" rel=\"noopener\">Barcelona medieval<\/a>. El projecte de <strong>LinguaSoc<\/strong> (enfocament globalitzat de Lleng\u00fces i Socials) consistir\u00e0 a convertir-se en guies i dissenyar la seva pr\u00f2pia ruta tur\u00edstica per llocs d&#8217;inter\u00e8s hist\u00f2ric.<\/p>\n<p><a href=\"https:\/\/agora.xtec.cat\/iespauclaris\/wp-content\/uploads\/usu835\/2022\/02\/IMG20220207132602.jpg\"><img loading=\"lazy\" decoding=\"async\" class=\"alignnone wp-image-2696 size-thumbnail\" src=\"https:\/\/agora.xtec.cat\/iespauclaris\/wp-content\/uploads\/usu835\/2022\/02\/IMG20220207132602-150x150.jpg\" alt=\"\" width=\"150\" height=\"150\" \/> <\/a><a href=\"https:\/\/agora.xtec.cat\/iespauclaris\/wp-content\/uploads\/usu835\/2022\/02\/IMG20220207122457.jpg\"><img loading=\"lazy\" decoding=\"async\" class=\"alignnone wp-image-2697 size-thumbnail\" src=\"https:\/\/agora.xtec.cat\/iespauclaris\/wp-content\/uploads\/usu835\/2022\/02\/IMG20220207122457-150x150.jpg\" alt=\"\" width=\"150\" height=\"150\" \/> <\/a><a href=\"https:\/\/agora.xtec.cat\/iespauclaris\/wp-content\/uploads\/usu835\/2022\/02\/IMG20220207133538.jpg\"><img loading=\"lazy\" decoding=\"async\" class=\"alignnone wp-image-2698 size-thumbnail\" src=\"https:\/\/agora.xtec.cat\/iespauclaris\/wp-content\/uploads\/usu835\/2022\/02\/IMG20220207133538-150x150.jpg\" alt=\"\" width=\"150\" height=\"150\" \/> <\/a><a href=\"https:\/\/agora.xtec.cat\/iespauclaris\/wp-content\/uploads\/usu835\/2022\/02\/Linguasoc-02.jpg\"><img loading=\"lazy\" decoding=\"async\" class=\"alignnone wp-image-2774 size-thumbnail\" src=\"https:\/\/agora.xtec.cat\/iespauclaris\/wp-content\/uploads\/usu835\/2022\/02\/Linguasoc-02-150x150.jpg\" alt=\"\" width=\"150\" height=\"150\" srcset=\"https:\/\/agora.xtec.cat\/iespauclaris\/wp-content\/uploads\/usu835\/2022\/02\/Linguasoc-02-150x150.jpg 150w, https:\/\/agora.xtec.cat\/iespauclaris\/wp-content\/uploads\/usu835\/2022\/02\/Linguasoc-02-300x300.jpg 300w, https:\/\/agora.xtec.cat\/iespauclaris\/wp-content\/uploads\/usu835\/2022\/02\/Linguasoc-02-1024x1024.jpg 1024w, https:\/\/agora.xtec.cat\/iespauclaris\/wp-content\/uploads\/usu835\/2022\/02\/Linguasoc-02-768x768.jpg 768w, https:\/\/agora.xtec.cat\/iespauclaris\/wp-content\/uploads\/usu835\/2022\/02\/Linguasoc-02-1536x1536.jpg 1536w, https:\/\/agora.xtec.cat\/iespauclaris\/wp-content\/uploads\/usu835\/2022\/02\/Linguasoc-02-2048x2048.jpg 2048w\" sizes=\"auto, (max-width: 150px) 100vw, 150px\" \/><\/a><\/p>\n<p><a href=\"https:\/\/agora.xtec.cat\/iespauclaris\/wp-content\/uploads\/usu835\/2022\/03\/IMG20220328103823.jpg\"><img loading=\"lazy\" decoding=\"async\" class=\"alignnone wp-image-2944 size-thumbnail\" src=\"https:\/\/agora.xtec.cat\/iespauclaris\/wp-content\/uploads\/usu835\/2022\/03\/IMG20220328103823-150x150.jpg\" alt=\"\" width=\"150\" height=\"150\" \/> <\/a><a href=\"https:\/\/agora.xtec.cat\/iespauclaris\/wp-content\/uploads\/usu835\/2022\/03\/IMG20220328110859.jpg\"><img loading=\"lazy\" decoding=\"async\" class=\"alignnone wp-image-2945 size-thumbnail\" src=\"https:\/\/agora.xtec.cat\/iespauclaris\/wp-content\/uploads\/usu835\/2022\/03\/IMG20220328110859-150x150.jpg\" alt=\"\" width=\"150\" height=\"150\" \/> <\/a><a href=\"https:\/\/agora.xtec.cat\/iespauclaris\/wp-content\/uploads\/usu835\/2022\/03\/IMG20220328103702.jpg\"><img loading=\"lazy\" decoding=\"async\" class=\"alignnone wp-image-2946 size-thumbnail\" src=\"https:\/\/agora.xtec.cat\/iespauclaris\/wp-content\/uploads\/usu835\/2022\/03\/IMG20220328103702-150x150.jpg\" alt=\"\" width=\"150\" height=\"150\" \/> <\/a><a href=\"https:\/\/agora.xtec.cat\/iespauclaris\/wp-content\/uploads\/usu835\/2022\/03\/IMG20220328103614.jpg\"><img loading=\"lazy\" decoding=\"async\" class=\"alignnone wp-image-2947 size-thumbnail\" src=\"https:\/\/agora.xtec.cat\/iespauclaris\/wp-content\/uploads\/usu835\/2022\/03\/IMG20220328103614-150x150.jpg\" alt=\"\" width=\"150\" height=\"150\" \/><\/a><\/p>\n","protected":false},"excerpt":{"rendered":"<p>A 2n d&#8217;ESO hem fet un recorregut per diferents punts de la <a href=\"https:\/\/www.barcelona.cat\/es\/conocebcn\/la-historia\/la-barcelona-medieval\" target=\"_blank\" rel=\"noopener\">Barcelona medieval<\/a>. El projecte de LinguaSoc (enfocament globalitzat de Lleng\u00fces i Socials) consistir\u00e0 a convertir-se en guies i dissenyar la seva pr\u00f2pia ruta tur\u00edstica per llocs d&#8217;inter\u00e8s hist\u00f2ric.<br \/>\n<a href=\"https:\/\/agora.xtec.cat\/iespauclaris\/wp-content\/uploads\/usu835\/2022\/02\/IMG20220207132602.jpg\"> <\/a><a&hellip;  <a href=\"https:\/\/agora.xtec.cat\/iespauclaris\/eso\/eso-2\/linguasoc\/\" title=\"Read LinguaSoc a 2n d&#8217;ESO\">Llegeix m\u00e9s\u00bb<\/a><\/p>\n","protected":false},"author":1,"featured_media":2700,"comment_status":"open","ping_status":"closed","sticky":false,"template":"","format":"standard","meta":{"_bbp_topic_count":0,"_bbp_reply_count":0,"_bbp_total_topic_count":0,"_bbp_total_reply_count":0,"_bbp_voice_count":0,"_bbp_anonymous_reply_count":0,"_bbp_topic_count_hidden":0,"_bbp_reply_count_hidden":0,"_bbp_forum_subforum_count":0,"footnotes":""},"categories":[5,29],"tags":[],"class_list":["post-2695","post","type-post","status-publish","format-standard","has-post-thumbnail","hentry","category-eso-2","category-portada"],"post_mailing_queue_ids":[],"_links":{"self":[{"href":"https:\/\/agora.xtec.cat\/iespauclaris\/wp-json\/wp\/v2\/posts\/2695","targetHints":{"allow":["GET"]}}],"collection":[{"href":"https:\/\/agora.xtec.cat\/iespauclaris\/wp-json\/wp\/v2\/posts"}],"about":[{"href":"https:\/\/agora.xtec.cat\/iespauclaris\/wp-json\/wp\/v2\/types\/post"}],"author":[{"embeddable":true,"href":"https:\/\/agora.xtec.cat\/iespauclaris\/wp-json\/wp\/v2\/users\/1"}],"replies":[{"embeddable":true,"href":"https:\/\/agora.xtec.cat\/iespauclaris\/wp-json\/wp\/v2\/comments?post=2695"}],"version-history":[{"count":3,"href":"https:\/\/agora.xtec.cat\/iespauclaris\/wp-json\/wp\/v2\/posts\/2695\/revisions"}],"predecessor-version":[{"id":3378,"href":"https:\/\/agora.xtec.cat\/iespauclaris\/wp-json\/wp\/v2\/posts\/2695\/revisions\/3378"}],"wp:featuredmedia":[{"embeddable":true,"href":"https:\/\/agora.xtec.cat\/iespauclaris\/wp-json\/wp\/v2\/media\/2700"}],"wp:attachment":[{"href":"https:\/\/agora.xtec.cat\/iespauclaris\/wp-json\/wp\/v2\/media?parent=2695"}],"wp:term":[{"taxonomy":"category","embeddable":true,"href":"https:\/\/agora.xtec.cat\/iespauclaris\/wp-json\/wp\/v2\/categories?post=2695"},{"taxonomy":"post_tag","embeddable":true,"href":"https:\/\/agora.xtec.cat\/iespauclaris\/wp-json\/wp\/v2\/tags?post=2695"}],"curies":[{"name":"wp","href":"https:\/\/api.w.org\/{rel}","templated":true}]}}