{"id":2689,"date":"2022-02-14T14:36:57","date_gmt":"2022-02-14T13:36:57","guid":{"rendered":"https:\/\/agora.xtec.cat\/iespauclaris\/?p=2689"},"modified":"2022-03-05T22:16:39","modified_gmt":"2022-03-05T21:16:39","slug":"1-2-3-accio","status":"publish","type":"post","link":"https:\/\/agora.xtec.cat\/iespauclaris\/general\/1-2-3-accio\/","title":{"rendered":"1, 2, 3&#8230; Acci\u00f3!"},"content":{"rendered":"<p>Aquest treball \u00e9s del t\u00f2pic <strong>Curts de metratge<\/strong> del primer semestre de 4t. Aquest curtmetratge va sorgir d\u2019un esb\u00f3s d&#8217;una idea, primer van comen\u00e7ar a dir propostes per confondre l\u2019espectador, pensant coses com: qu\u00e8 podem fer perqu\u00e8 el curt els hi sembli estrany i es plantegin coses com sobre de qu\u00e8 va, qu\u00e8 vol comunicar, etc. A poc a poc aquesta idea va anant prenent forma a un curt sobre sentir-se i invisible i a l&#8217;assetjament escolar. \u00c9s un curtmetratge molt abstracte que confon a l&#8217;espectador. El final \u00e9s obert i d\u2019aquesta manera l\u2019espectador es pot crear la seva pr\u00f2pia versi\u00f3 d\u2019un final.<\/p>\n<p><a href=\"https:\/\/drive.google.com\/file\/d\/1FyeRoH62UzfGxnwDdxzuZGbcIbYLJPHI\/view?usp=sharing\" target=\"_blank\" rel=\"noopener\"><strong>Vegeu-lo aqu\u00ed!<\/a><\/strong><\/p>\n","protected":false},"excerpt":{"rendered":"<p>Aquest treball \u00e9s del t\u00f2pic Curts de metratge del primer semestre de 4t. Aquest curtmetratge va sorgir d\u2019un esb\u00f3s d&#8217;una idea, primer van comen\u00e7ar a dir propostes per confondre l\u2019espectador, pensant coses com: qu\u00e8 podem fer perqu\u00e8 el curt els hi sembli estrany i es&hellip;  <a href=\"https:\/\/agora.xtec.cat\/iespauclaris\/general\/1-2-3-accio\/\" title=\"Read 1, 2, 3&#8230; Acci\u00f3!\">Llegeix m\u00e9s\u00bb<\/a><\/p>\n","protected":false},"author":1,"featured_media":2694,"comment_status":"open","ping_status":"closed","sticky":false,"template":"","format":"standard","meta":{"_bbp_topic_count":0,"_bbp_reply_count":0,"_bbp_total_topic_count":0,"_bbp_total_reply_count":0,"_bbp_voice_count":0,"_bbp_anonymous_reply_count":0,"_bbp_topic_count_hidden":0,"_bbp_reply_count_hidden":0,"_bbp_forum_subforum_count":0,"footnotes":""},"categories":[7,1,29],"tags":[],"class_list":["post-2689","post","type-post","status-publish","format-standard","has-post-thumbnail","hentry","category-eso-4","category-general","category-portada"],"post_mailing_queue_ids":[],"_links":{"self":[{"href":"https:\/\/agora.xtec.cat\/iespauclaris\/wp-json\/wp\/v2\/posts\/2689","targetHints":{"allow":["GET"]}}],"collection":[{"href":"https:\/\/agora.xtec.cat\/iespauclaris\/wp-json\/wp\/v2\/posts"}],"about":[{"href":"https:\/\/agora.xtec.cat\/iespauclaris\/wp-json\/wp\/v2\/types\/post"}],"author":[{"embeddable":true,"href":"https:\/\/agora.xtec.cat\/iespauclaris\/wp-json\/wp\/v2\/users\/1"}],"replies":[{"embeddable":true,"href":"https:\/\/agora.xtec.cat\/iespauclaris\/wp-json\/wp\/v2\/comments?post=2689"}],"version-history":[{"count":4,"href":"https:\/\/agora.xtec.cat\/iespauclaris\/wp-json\/wp\/v2\/posts\/2689\/revisions"}],"predecessor-version":[{"id":2840,"href":"https:\/\/agora.xtec.cat\/iespauclaris\/wp-json\/wp\/v2\/posts\/2689\/revisions\/2840"}],"wp:featuredmedia":[{"embeddable":true,"href":"https:\/\/agora.xtec.cat\/iespauclaris\/wp-json\/wp\/v2\/media\/2694"}],"wp:attachment":[{"href":"https:\/\/agora.xtec.cat\/iespauclaris\/wp-json\/wp\/v2\/media?parent=2689"}],"wp:term":[{"taxonomy":"category","embeddable":true,"href":"https:\/\/agora.xtec.cat\/iespauclaris\/wp-json\/wp\/v2\/categories?post=2689"},{"taxonomy":"post_tag","embeddable":true,"href":"https:\/\/agora.xtec.cat\/iespauclaris\/wp-json\/wp\/v2\/tags?post=2689"}],"curies":[{"name":"wp","href":"https:\/\/api.w.org\/{rel}","templated":true}]}}