{"id":2677,"date":"2022-02-05T12:19:14","date_gmt":"2022-02-05T11:19:14","guid":{"rendered":"https:\/\/agora.xtec.cat\/iespauclaris\/?p=2677"},"modified":"2022-02-05T19:22:10","modified_gmt":"2022-02-05T18:22:10","slug":"sortida-al-parc-del-laberint-dhorta","status":"publish","type":"post","link":"https:\/\/agora.xtec.cat\/iespauclaris\/general\/sortida-al-parc-del-laberint-dhorta\/","title":{"rendered":"Sortida al Parc del Laberint d&#8217;Horta"},"content":{"rendered":"<p>L&#8217;alumnat de 1r d&#8217;ESO hem anat de sortida al <a href=\"https:\/\/patrimoni.gencat.cat\/ca\/coleccio\/parc-del-laberint-dhorta\" target=\"_blank\" rel=\"noopener\">Parc del Laberint d&#8217;Horta<\/a> i hem gaudit d&#8217;aquest espai verd emblem\u00e0tic per con\u00e8ixer flora i fauna del parc, aix\u00ed com la seva hist\u00f2ria.<\/p>\n<p><a href=\"https:\/\/agora.xtec.cat\/iespauclaris\/wp-content\/uploads\/usu835\/2022\/02\/IMG20220203102733-1.jpg\"><img loading=\"lazy\" decoding=\"async\" class=\"alignnone wp-image-2681 size-thumbnail\" src=\"https:\/\/agora.xtec.cat\/iespauclaris\/wp-content\/uploads\/usu835\/2022\/02\/IMG20220203102733-1-150x150.jpg\" alt=\"\" width=\"150\" height=\"150\" \/> <\/a><a href=\"https:\/\/agora.xtec.cat\/iespauclaris\/wp-content\/uploads\/usu835\/2022\/02\/IMG20220203113856-1.jpg\"><img loading=\"lazy\" decoding=\"async\" class=\"alignnone wp-image-2682 size-thumbnail\" src=\"https:\/\/agora.xtec.cat\/iespauclaris\/wp-content\/uploads\/usu835\/2022\/02\/IMG20220203113856-1-150x150.jpg\" alt=\"\" width=\"150\" height=\"150\" \/>\u00a0<\/a><a href=\"https:\/\/agora.xtec.cat\/iespauclaris\/wp-content\/uploads\/usu835\/2022\/02\/IMG20220203122425.jpg\"><img loading=\"lazy\" decoding=\"async\" class=\"alignnone wp-image-2683 size-thumbnail\" src=\"https:\/\/agora.xtec.cat\/iespauclaris\/wp-content\/uploads\/usu835\/2022\/02\/IMG20220203122425-150x150.jpg\" alt=\"\" width=\"150\" height=\"150\" \/> <\/a><a href=\"https:\/\/agora.xtec.cat\/iespauclaris\/wp-content\/uploads\/usu835\/2022\/02\/IMG20220203120349.jpg\"><img loading=\"lazy\" decoding=\"async\" class=\"alignnone wp-image-2684 size-thumbnail\" src=\"https:\/\/agora.xtec.cat\/iespauclaris\/wp-content\/uploads\/usu835\/2022\/02\/IMG20220203120349-150x150.jpg\" alt=\"\" width=\"150\" height=\"150\" \/><\/a><\/p>\n","protected":false},"excerpt":{"rendered":"<p>L&#8217;alumnat de 1r d&#8217;ESO hem anat de sortida al <a href=\"https:\/\/patrimoni.gencat.cat\/ca\/coleccio\/parc-del-laberint-dhorta\" target=\"_blank\" rel=\"noopener\">Parc del Laberint d&#8217;Horta<\/a> i hem gaudit d&#8217;aquest espai verd emblem\u00e0tic per con\u00e8ixer flora i fauna del parc, aix\u00ed com la seva hist\u00f2ria.<br \/>\n<a href=\"https:\/\/agora.xtec.cat\/iespauclaris\/wp-content\/uploads\/usu835\/2022\/02\/IMG20220203102733-1.jpg\"> <\/a><a href=\"https:\/\/agora.xtec.cat\/iespauclaris\/wp-content\/uploads\/usu835\/2022\/02\/IMG20220203113856-1.jpg\">\u00a0<\/a><a href=\"https:\/\/agora.xtec.cat\/iespauclaris\/wp-content\/uploads\/usu835\/2022\/02\/IMG20220203122425.jpg\"> <\/a><a href=\"https:\/\/agora.xtec.cat\/iespauclaris\/wp-content\/uploads\/usu835\/2022\/02\/IMG20220203120349.jpg\"><\/a><\/p>\n","protected":false},"author":1,"featured_media":2687,"comment_status":"open","ping_status":"closed","sticky":false,"template":"","format":"standard","meta":{"_bbp_topic_count":0,"_bbp_reply_count":0,"_bbp_total_topic_count":0,"_bbp_total_reply_count":0,"_bbp_voice_count":0,"_bbp_anonymous_reply_count":0,"_bbp_topic_count_hidden":0,"_bbp_reply_count_hidden":0,"_bbp_forum_subforum_count":0,"footnotes":""},"categories":[4,1,29],"tags":[],"class_list":["post-2677","post","type-post","status-publish","format-standard","has-post-thumbnail","hentry","category-eso-1","category-general","category-portada"],"post_mailing_queue_ids":[],"_links":{"self":[{"href":"https:\/\/agora.xtec.cat\/iespauclaris\/wp-json\/wp\/v2\/posts\/2677","targetHints":{"allow":["GET"]}}],"collection":[{"href":"https:\/\/agora.xtec.cat\/iespauclaris\/wp-json\/wp\/v2\/posts"}],"about":[{"href":"https:\/\/agora.xtec.cat\/iespauclaris\/wp-json\/wp\/v2\/types\/post"}],"author":[{"embeddable":true,"href":"https:\/\/agora.xtec.cat\/iespauclaris\/wp-json\/wp\/v2\/users\/1"}],"replies":[{"embeddable":true,"href":"https:\/\/agora.xtec.cat\/iespauclaris\/wp-json\/wp\/v2\/comments?post=2677"}],"version-history":[{"count":3,"href":"https:\/\/agora.xtec.cat\/iespauclaris\/wp-json\/wp\/v2\/posts\/2677\/revisions"}],"predecessor-version":[{"id":2688,"href":"https:\/\/agora.xtec.cat\/iespauclaris\/wp-json\/wp\/v2\/posts\/2677\/revisions\/2688"}],"wp:featuredmedia":[{"embeddable":true,"href":"https:\/\/agora.xtec.cat\/iespauclaris\/wp-json\/wp\/v2\/media\/2687"}],"wp:attachment":[{"href":"https:\/\/agora.xtec.cat\/iespauclaris\/wp-json\/wp\/v2\/media?parent=2677"}],"wp:term":[{"taxonomy":"category","embeddable":true,"href":"https:\/\/agora.xtec.cat\/iespauclaris\/wp-json\/wp\/v2\/categories?post=2677"},{"taxonomy":"post_tag","embeddable":true,"href":"https:\/\/agora.xtec.cat\/iespauclaris\/wp-json\/wp\/v2\/tags?post=2677"}],"curies":[{"name":"wp","href":"https:\/\/api.w.org\/{rel}","templated":true}]}}