{"id":2671,"date":"2022-02-05T12:01:50","date_gmt":"2022-02-05T11:01:50","guid":{"rendered":"https:\/\/agora.xtec.cat\/iespauclaris\/?p=2671"},"modified":"2022-02-05T12:01:50","modified_gmt":"2022-02-05T11:01:50","slug":"lletres-a-les-aules-de-4t","status":"publish","type":"post","link":"https:\/\/agora.xtec.cat\/iespauclaris\/general\/lletres-a-les-aules-de-4t\/","title":{"rendered":"Lletres a les aules (de 4t)"},"content":{"rendered":"<p>El 3 de febrer a 4t d&#8217;ESO vam tenir la sort de rebre la vista de l&#8217;escriptor <a href=\"https:\/\/www.lagaleraeditorial.com\/ca\/montana-ros-ruben\" target=\"_blank\" rel=\"noopener\">Rub\u00e8n Monta\u00f1\u00e1<\/a>. Aquest acte se situa dins del programa <a href=\"https:\/\/cultura.gencat.cat\/ca\/ilc\/que-fem\/programes\/lletres-a-les-aules\/\" target=\"_blank\" rel=\"noopener\">Lletres a les aules<\/a> del Departament de Cultura. L&#8217;autor va mantenir una agradable xerrada amb els alumnes de 4t al voltant de la seva obra m\u00e9s recent, <a href=\"https:\/\/www.lagaleraeditorial.com\/ca\/les-esferes-del-temps-978-84-246-6957-7#.Yf5WBfXMLJw\" target=\"_blank\" rel=\"noopener\"><em>Les esferes del temps<\/em><\/a>, que hem llegit i gaudit aquest trimestre al projecte de MUSSOL.<\/p>\n<p>Un breu club de lectura on Monta\u00f1\u00e1 va compartir amb els estudiants els secrets de les seves fonts d&#8217;inspiraci\u00f3 a l&#8217;hora de crear espais, temps, personatges, etc. de la seva obra. Al seu torn, diversos alumnes van fer preguntes diverses aprofitant la magn\u00edfica ocasi\u00f3 de poder conversar amb l&#8217;autor d&#8217;una novel\u00b7la que acaben de llegir: segle XIX, Exposici\u00f3 universal de 1888, ci\u00e8ncia-ficci\u00f3, realitat, steampunk, llenguatge de l&#8217;\u00e8poca i moltes altres curiositats van sortir a escena durant l&#8217;hora que va durar l&#8217;encontre.<\/p>\n<p>Per finalitzar la sessi\u00f3, els alumnes i els docents del projecte de MUSSOL van mostrar els productes finals del projecte del primer trimestre: un projecte de monument que podria ser-hi en lloc de l&#8217;Arc de triomf amb elements sociohist\u00f2rics del segle XIX. L&#8217;autor i actor badalon\u00ed va acabar la seva visita signant exemplars del seu \u00e8xit editorial i va mostrar el seu agra\u00efment\u00a0per l&#8217;aposta del centre en vers de les lectures d&#8217;entreteniment i amb component social. Esperem poder tornar a comptar amb el seu valu\u00f3s testimoni el curs vinent.<\/p>\n<p><a href=\"https:\/\/agora.xtec.cat\/iespauclaris\/wp-content\/uploads\/usu835\/2022\/02\/Lectura-03.jpeg\"><img loading=\"lazy\" decoding=\"async\" class=\"alignnone wp-image-2675 size-thumbnail\" src=\"https:\/\/agora.xtec.cat\/iespauclaris\/wp-content\/uploads\/usu835\/2022\/02\/Lectura-03-150x150.jpeg\" alt=\"\" width=\"150\" height=\"150\" srcset=\"https:\/\/agora.xtec.cat\/iespauclaris\/wp-content\/uploads\/usu835\/2022\/02\/Lectura-03-150x150.jpeg 150w, https:\/\/agora.xtec.cat\/iespauclaris\/wp-content\/uploads\/usu835\/2022\/02\/Lectura-03-300x300.jpeg 300w, https:\/\/agora.xtec.cat\/iespauclaris\/wp-content\/uploads\/usu835\/2022\/02\/Lectura-03-1024x1024.jpeg 1024w, https:\/\/agora.xtec.cat\/iespauclaris\/wp-content\/uploads\/usu835\/2022\/02\/Lectura-03-768x768.jpeg 768w, https:\/\/agora.xtec.cat\/iespauclaris\/wp-content\/uploads\/usu835\/2022\/02\/Lectura-03.jpeg 1417w\" sizes=\"auto, (max-width: 150px) 100vw, 150px\" \/><\/a><a href=\"https:\/\/agora.xtec.cat\/iespauclaris\/wp-content\/uploads\/usu835\/2022\/02\/Lectura-04.jpeg\"> <img loading=\"lazy\" decoding=\"async\" class=\"alignnone wp-image-2673 size-thumbnail\" src=\"https:\/\/agora.xtec.cat\/iespauclaris\/wp-content\/uploads\/usu835\/2022\/02\/Lectura-04-150x150.jpeg\" alt=\"\" width=\"150\" height=\"150\" srcset=\"https:\/\/agora.xtec.cat\/iespauclaris\/wp-content\/uploads\/usu835\/2022\/02\/Lectura-04-150x150.jpeg 150w, https:\/\/agora.xtec.cat\/iespauclaris\/wp-content\/uploads\/usu835\/2022\/02\/Lectura-04-300x300.jpeg 300w, https:\/\/agora.xtec.cat\/iespauclaris\/wp-content\/uploads\/usu835\/2022\/02\/Lectura-04-1024x1024.jpeg 1024w, https:\/\/agora.xtec.cat\/iespauclaris\/wp-content\/uploads\/usu835\/2022\/02\/Lectura-04-768x768.jpeg 768w, https:\/\/agora.xtec.cat\/iespauclaris\/wp-content\/uploads\/usu835\/2022\/02\/Lectura-04.jpeg 1417w\" sizes=\"auto, (max-width: 150px) 100vw, 150px\" \/><\/a> <a href=\"https:\/\/agora.xtec.cat\/iespauclaris\/wp-content\/uploads\/usu835\/2022\/02\/Lectura-02.jpeg\"><img loading=\"lazy\" decoding=\"async\" class=\"alignnone wp-image-2674 size-thumbnail\" src=\"https:\/\/agora.xtec.cat\/iespauclaris\/wp-content\/uploads\/usu835\/2022\/02\/Lectura-02-150x150.jpeg\" alt=\"\" width=\"150\" height=\"150\" \/><\/a><\/p>\n","protected":false},"excerpt":{"rendered":"<p>El 3 de febrer a 4t d&#8217;ESO vam tenir la sort de rebre la vista de l&#8217;escriptor <a href=\"https:\/\/www.lagaleraeditorial.com\/ca\/montana-ros-ruben\" target=\"_blank\" rel=\"noopener\">Rub\u00e8n Monta\u00f1\u00e1<\/a>. Aquest acte se situa dins del programa <a href=\"https:\/\/cultura.gencat.cat\/ca\/ilc\/que-fem\/programes\/lletres-a-les-aules\/\" target=\"_blank\" rel=\"noopener\">Lletres a les aules<\/a> del Departament de Cultura. L&#8217;autor va mantenir una agradable&hellip;  <a href=\"https:\/\/agora.xtec.cat\/iespauclaris\/general\/lletres-a-les-aules-de-4t\/\" title=\"Read Lletres a les aules (de 4t)\">Llegeix m\u00e9s\u00bb<\/a><\/p>\n","protected":false},"author":1,"featured_media":2672,"comment_status":"open","ping_status":"closed","sticky":false,"template":"","format":"standard","meta":{"_bbp_topic_count":0,"_bbp_reply_count":0,"_bbp_total_topic_count":0,"_bbp_total_reply_count":0,"_bbp_voice_count":0,"_bbp_anonymous_reply_count":0,"_bbp_topic_count_hidden":0,"_bbp_reply_count_hidden":0,"_bbp_forum_subforum_count":0,"footnotes":""},"categories":[7,1,29],"tags":[],"class_list":["post-2671","post","type-post","status-publish","format-standard","has-post-thumbnail","hentry","category-eso-4","category-general","category-portada"],"post_mailing_queue_ids":[],"_links":{"self":[{"href":"https:\/\/agora.xtec.cat\/iespauclaris\/wp-json\/wp\/v2\/posts\/2671","targetHints":{"allow":["GET"]}}],"collection":[{"href":"https:\/\/agora.xtec.cat\/iespauclaris\/wp-json\/wp\/v2\/posts"}],"about":[{"href":"https:\/\/agora.xtec.cat\/iespauclaris\/wp-json\/wp\/v2\/types\/post"}],"author":[{"embeddable":true,"href":"https:\/\/agora.xtec.cat\/iespauclaris\/wp-json\/wp\/v2\/users\/1"}],"replies":[{"embeddable":true,"href":"https:\/\/agora.xtec.cat\/iespauclaris\/wp-json\/wp\/v2\/comments?post=2671"}],"version-history":[{"count":1,"href":"https:\/\/agora.xtec.cat\/iespauclaris\/wp-json\/wp\/v2\/posts\/2671\/revisions"}],"predecessor-version":[{"id":2676,"href":"https:\/\/agora.xtec.cat\/iespauclaris\/wp-json\/wp\/v2\/posts\/2671\/revisions\/2676"}],"wp:featuredmedia":[{"embeddable":true,"href":"https:\/\/agora.xtec.cat\/iespauclaris\/wp-json\/wp\/v2\/media\/2672"}],"wp:attachment":[{"href":"https:\/\/agora.xtec.cat\/iespauclaris\/wp-json\/wp\/v2\/media?parent=2671"}],"wp:term":[{"taxonomy":"category","embeddable":true,"href":"https:\/\/agora.xtec.cat\/iespauclaris\/wp-json\/wp\/v2\/categories?post=2671"},{"taxonomy":"post_tag","embeddable":true,"href":"https:\/\/agora.xtec.cat\/iespauclaris\/wp-json\/wp\/v2\/tags?post=2671"}],"curies":[{"name":"wp","href":"https:\/\/api.w.org\/{rel}","templated":true}]}}