{"id":2605,"date":"2022-01-27T14:42:26","date_gmt":"2022-01-27T13:42:26","guid":{"rendered":"https:\/\/agora.xtec.cat\/iespauclaris\/?p=2605"},"modified":"2022-01-30T16:53:43","modified_gmt":"2022-01-30T15:53:43","slug":"topics-i-comissions","status":"publish","type":"post","link":"https:\/\/agora.xtec.cat\/iespauclaris\/eso\/topics-i-comissions\/","title":{"rendered":"T\u00f2pics i comissions"},"content":{"rendered":"<p>Amb l&#8217;arribada de febrer s&#8217;acaba el primer semestre i canviem de t\u00f2pics i comissions. Al Pau Claris amb els <a href=\"https:\/\/agora.xtec.cat\/iespauclaris\/pro\/topics\/\" target=\"_blank\" rel=\"noopener\">t\u00f2pics<\/a>, els alumnes de 1r a 4t d&#8217;ESO ens dediquem a explorar noves compet\u00e8ncies i continguts m\u00e9s enll\u00e0 del curr\u00edculum (poesia, curtmetratge, recerca participativa, etc.). Amb les <a href=\"https:\/\/agora.xtec.cat\/iespauclaris\/pro\/encarrecs\/\" target=\"_blank\" rel=\"noopener\">comissions<\/a> de 3r a 4t d&#8217;ESO donem resposta a diversos enc\u00e0rrecs del centre (organitzaci\u00f3 d&#8217;esdeveniments, festes, comunicaci\u00f3, hort, manteniment, espais, LGTBIQ+, etc.).<\/p>\n<p><a href=\"https:\/\/agora.xtec.cat\/iespauclaris\/wp-content\/uploads\/usu835\/2022\/01\/Comissio-02.jpeg\"><img loading=\"lazy\" decoding=\"async\" class=\"alignnone wp-image-2611 size-thumbnail\" src=\"https:\/\/agora.xtec.cat\/iespauclaris\/wp-content\/uploads\/usu835\/2022\/01\/Comissio-02-150x150.jpeg\" alt=\"\" width=\"150\" height=\"150\" \/><\/a> <a href=\"https:\/\/agora.xtec.cat\/iespauclaris\/wp-content\/uploads\/usu835\/2022\/01\/Comissio-03.jpeg\"><img loading=\"lazy\" decoding=\"async\" class=\"alignnone wp-image-2612 size-thumbnail\" src=\"https:\/\/agora.xtec.cat\/iespauclaris\/wp-content\/uploads\/usu835\/2022\/01\/Comissio-03-150x150.jpeg\" alt=\"\" width=\"150\" height=\"150\" \/><\/a> <a href=\"https:\/\/agora.xtec.cat\/iespauclaris\/wp-content\/uploads\/usu835\/2022\/01\/Comissio\u0301-05.jpeg\"><img loading=\"lazy\" decoding=\"async\" class=\"alignnone size-thumbnail wp-image-2615\" src=\"https:\/\/agora.xtec.cat\/iespauclaris\/wp-content\/uploads\/usu835\/2022\/01\/Comissio\u0301-05-150x150.jpeg\" alt=\"\" width=\"150\" height=\"150\" \/><\/a><\/p>\n","protected":false},"excerpt":{"rendered":"<p>Amb l&#8217;arribada de febrer s&#8217;acaba el primer semestre i canviem de t\u00f2pics i comissions. Al Pau Claris amb els <a href=\"https:\/\/agora.xtec.cat\/iespauclaris\/pro\/topics\/\" target=\"_blank\" rel=\"noopener\">t\u00f2pics<\/a>, els alumnes de 1r a 4t d&#8217;ESO ens dediquem a explorar noves compet\u00e8ncies i continguts m\u00e9s enll\u00e0 del curr\u00edculum (poesia, curtmetratge, recerca&hellip;  <a href=\"https:\/\/agora.xtec.cat\/iespauclaris\/eso\/topics-i-comissions\/\" title=\"Read T\u00f2pics i comissions\">Llegeix m\u00e9s\u00bb<\/a><\/p>\n","protected":false},"author":1,"featured_media":2610,"comment_status":"open","ping_status":"closed","sticky":false,"template":"","format":"standard","meta":{"_bbp_topic_count":0,"_bbp_reply_count":0,"_bbp_total_topic_count":0,"_bbp_total_reply_count":0,"_bbp_voice_count":0,"_bbp_anonymous_reply_count":0,"_bbp_topic_count_hidden":0,"_bbp_reply_count_hidden":0,"_bbp_forum_subforum_count":0,"footnotes":""},"categories":[3,29],"tags":[],"class_list":["post-2605","post","type-post","status-publish","format-standard","has-post-thumbnail","hentry","category-eso","category-portada"],"post_mailing_queue_ids":[],"_links":{"self":[{"href":"https:\/\/agora.xtec.cat\/iespauclaris\/wp-json\/wp\/v2\/posts\/2605","targetHints":{"allow":["GET"]}}],"collection":[{"href":"https:\/\/agora.xtec.cat\/iespauclaris\/wp-json\/wp\/v2\/posts"}],"about":[{"href":"https:\/\/agora.xtec.cat\/iespauclaris\/wp-json\/wp\/v2\/types\/post"}],"author":[{"embeddable":true,"href":"https:\/\/agora.xtec.cat\/iespauclaris\/wp-json\/wp\/v2\/users\/1"}],"replies":[{"embeddable":true,"href":"https:\/\/agora.xtec.cat\/iespauclaris\/wp-json\/wp\/v2\/comments?post=2605"}],"version-history":[{"count":3,"href":"https:\/\/agora.xtec.cat\/iespauclaris\/wp-json\/wp\/v2\/posts\/2605\/revisions"}],"predecessor-version":[{"id":2618,"href":"https:\/\/agora.xtec.cat\/iespauclaris\/wp-json\/wp\/v2\/posts\/2605\/revisions\/2618"}],"wp:featuredmedia":[{"embeddable":true,"href":"https:\/\/agora.xtec.cat\/iespauclaris\/wp-json\/wp\/v2\/media\/2610"}],"wp:attachment":[{"href":"https:\/\/agora.xtec.cat\/iespauclaris\/wp-json\/wp\/v2\/media?parent=2605"}],"wp:term":[{"taxonomy":"category","embeddable":true,"href":"https:\/\/agora.xtec.cat\/iespauclaris\/wp-json\/wp\/v2\/categories?post=2605"},{"taxonomy":"post_tag","embeddable":true,"href":"https:\/\/agora.xtec.cat\/iespauclaris\/wp-json\/wp\/v2\/tags?post=2605"}],"curies":[{"name":"wp","href":"https:\/\/api.w.org\/{rel}","templated":true}]}}