{"id":2504,"date":"2021-12-16T15:10:52","date_gmt":"2021-12-16T14:10:52","guid":{"rendered":"https:\/\/agora.xtec.cat\/iespauclaris\/?p=2504"},"modified":"2022-02-03T18:59:36","modified_gmt":"2022-02-03T17:59:36","slug":"projecte-aules-compartides","status":"publish","type":"post","link":"https:\/\/agora.xtec.cat\/iespauclaris\/general\/projecte-aules-compartides\/","title":{"rendered":"Projecte Aules compartides"},"content":{"rendered":"<p>L&#8217;alumnat de <strong>1r de Batxillerat<\/strong> ens hem sumat al projecte <strong>Aules compartides.<\/strong>\u00a0Amb aquest projecte, estudiants de la <strong>UAB<\/strong> i del nostre centre hem fet una recerca sobre com vivim la ciutat segons g\u00e8nere, edat, classe social, sexualitat, \u00e8tnia, cultura i habilitats f\u00edsiques i mentals. Aquest projecte ens ha perm\u00e8s desenvolupar les <strong>compet\u00e8ncies de recerca<\/strong> utilitzant t\u00e8cniques qualitatives tot fomentant la recerca en l&#8217;entorn proper per donar resposta als <a href=\"https:\/\/www.diba.cat\/web\/ods\/que-son-els-ods\">Objectius de Desenvolupament Sostenible (ODS)<\/a>.\u00a0Com a cloenda hem anat a la UAB a <a href=\"https:\/\/www.uab.cat\/web\/detall-de-noticia\/aules-compartides-1345697212743.html?noticiaid=1345853391131\" target=\"_blank\" rel=\"noopener\">exposar els nostres projectes d&#8217;investigaci\u00f3 social realitzats dins del projecte Aules Compartides<\/a>. @LletresUAB @CEB #Batxillerat competencial<\/p>\n<p><a href=\"https:\/\/agora.xtec.cat\/iespauclaris\/wp-content\/uploads\/usu835\/2022\/01\/IMG_20220117_110629.jpg\"><img loading=\"lazy\" decoding=\"async\" class=\"alignnone size-thumbnail wp-image-2577\" src=\"https:\/\/agora.xtec.cat\/iespauclaris\/wp-content\/uploads\/usu835\/2022\/01\/IMG_20220117_110629-150x150.jpg\" alt=\"\" width=\"150\" height=\"150\" \/><\/a> <a href=\"https:\/\/agora.xtec.cat\/iespauclaris\/wp-content\/uploads\/usu835\/2022\/01\/IMG_20220117_095517.jpg\"><img loading=\"lazy\" decoding=\"async\" class=\"alignnone size-thumbnail wp-image-2573\" src=\"https:\/\/agora.xtec.cat\/iespauclaris\/wp-content\/uploads\/usu835\/2022\/01\/IMG_20220117_095517-150x150.jpg\" alt=\"\" width=\"150\" height=\"150\" \/><\/a> <a href=\"https:\/\/agora.xtec.cat\/iespauclaris\/wp-content\/uploads\/usu835\/2022\/01\/IMG_20220117_104830.jpg\"><img loading=\"lazy\" decoding=\"async\" class=\"alignnone size-thumbnail wp-image-2574\" src=\"https:\/\/agora.xtec.cat\/iespauclaris\/wp-content\/uploads\/usu835\/2022\/01\/IMG_20220117_104830-150x150.jpg\" alt=\"\" width=\"150\" height=\"150\" \/><\/a><\/p>\n<p>&nbsp;<\/p>\n<p>&nbsp;<\/p>\n","protected":false},"excerpt":{"rendered":"<p>L&#8217;alumnat de 1r de Batxillerat ens hem sumat al projecte Aules compartides.\u00a0Amb aquest projecte, estudiants de la UAB i del nostre centre hem fet una recerca sobre com vivim la ciutat segons g\u00e8nere, edat, classe social, sexualitat, \u00e8tnia, cultura i habilitats f\u00edsiques i mentals. Aquest&hellip;  <a href=\"https:\/\/agora.xtec.cat\/iespauclaris\/general\/projecte-aules-compartides\/\" title=\"Read Projecte Aules compartides\">Llegeix m\u00e9s\u00bb<\/a><\/p>\n","protected":false},"author":1,"featured_media":2511,"comment_status":"open","ping_status":"closed","sticky":false,"template":"","format":"standard","meta":{"_bbp_topic_count":0,"_bbp_reply_count":0,"_bbp_total_topic_count":0,"_bbp_total_reply_count":0,"_bbp_voice_count":0,"_bbp_anonymous_reply_count":0,"_bbp_topic_count_hidden":0,"_bbp_reply_count_hidden":0,"_bbp_forum_subforum_count":0,"footnotes":""},"categories":[8,1,29],"tags":[95],"class_list":["post-2504","post","type-post","status-publish","format-standard","has-post-thumbnail","hentry","category-batxillerat","category-general","category-portada","tag-steam"],"post_mailing_queue_ids":[],"_links":{"self":[{"href":"https:\/\/agora.xtec.cat\/iespauclaris\/wp-json\/wp\/v2\/posts\/2504","targetHints":{"allow":["GET"]}}],"collection":[{"href":"https:\/\/agora.xtec.cat\/iespauclaris\/wp-json\/wp\/v2\/posts"}],"about":[{"href":"https:\/\/agora.xtec.cat\/iespauclaris\/wp-json\/wp\/v2\/types\/post"}],"author":[{"embeddable":true,"href":"https:\/\/agora.xtec.cat\/iespauclaris\/wp-json\/wp\/v2\/users\/1"}],"replies":[{"embeddable":true,"href":"https:\/\/agora.xtec.cat\/iespauclaris\/wp-json\/wp\/v2\/comments?post=2504"}],"version-history":[{"count":4,"href":"https:\/\/agora.xtec.cat\/iespauclaris\/wp-json\/wp\/v2\/posts\/2504\/revisions"}],"predecessor-version":[{"id":2663,"href":"https:\/\/agora.xtec.cat\/iespauclaris\/wp-json\/wp\/v2\/posts\/2504\/revisions\/2663"}],"wp:featuredmedia":[{"embeddable":true,"href":"https:\/\/agora.xtec.cat\/iespauclaris\/wp-json\/wp\/v2\/media\/2511"}],"wp:attachment":[{"href":"https:\/\/agora.xtec.cat\/iespauclaris\/wp-json\/wp\/v2\/media?parent=2504"}],"wp:term":[{"taxonomy":"category","embeddable":true,"href":"https:\/\/agora.xtec.cat\/iespauclaris\/wp-json\/wp\/v2\/categories?post=2504"},{"taxonomy":"post_tag","embeddable":true,"href":"https:\/\/agora.xtec.cat\/iespauclaris\/wp-json\/wp\/v2\/tags?post=2504"}],"curies":[{"name":"wp","href":"https:\/\/api.w.org\/{rel}","templated":true}]}}